{"id":3683,"date":"2025-12-20T23:50:53","date_gmt":"2025-12-20T23:50:53","guid":{"rendered":"https:\/\/www.karamantoki.com\/index.php\/2025\/12\/20\/israilin-baskenti-tel-avivde-hukumet-karsiti-protesto-duzenlendi\/"},"modified":"2025-12-20T23:50:53","modified_gmt":"2025-12-20T23:50:53","slug":"israilin-baskenti-tel-avivde-hukumet-karsiti-protesto-duzenlendi","status":"publish","type":"post","link":"https:\/\/www.karamantoki.com\/index.php\/2025\/12\/20\/israilin-baskenti-tel-avivde-hukumet-karsiti-protesto-duzenlendi\/","title":{"rendered":"\u0130srail&apos;in ba\u015fkenti Tel Aviv&apos;de h\u00fck\u00fcmet kar\u015f\u0131t\u0131 protesto d\u00fczenlendi"},"content":{"rendered":"<p>\u0130srail&#8217;in ba\u015fkenti Tel Aviv&#8217;de, &#8216;Birlikte Duruyoruz&#8217; sivil toplum kurulu\u015funun \u00f6nc\u00fcl\u00fc\u011f\u00fcnde y\u00fczlerce ki\u015fi Netanyahu h\u00fck\u00fcmetine kar\u015f\u0131 protesto d\u00fczenledi. G\u00f6stericiler, h\u00fck\u00fcmeti artan \u0131rk\u00e7\u0131 sald\u0131r\u0131lar ve 7 Ekim olaylar\u0131 i\u00e7in sorumluluk almamakla ele\u015ftirerek, h\u00fck\u00fcmetin tarihin en k\u00f6t\u00fc d\u00f6nemi oldu\u011funu belirtti.<\/p>\n","protected":false},"excerpt":{"rendered":"<p>\u0130srail&#8217;in ba\u015fkenti Tel Aviv&#8217;de, &#8216;Birlikte Duruyoruz&#8217; sivil toplum kurulu\u015funun \u00f6nc\u00fcl\u00fc\u011f\u00fcnde y\u00fczlerce ki\u015fi Netanyahu h\u00fck\u00fcmetine kar\u015f\u0131 protesto d\u00fczenledi. G\u00f6stericiler, h\u00fck\u00fcmeti artan \u0131rk\u00e7\u0131 sald\u0131r\u0131lar ve 7 Ekim olaylar\u0131 i\u00e7in sorumluluk almamakla ele\u015ftirerek, h\u00fck\u00fcmetin tarihin en k\u00f6t\u00fc d\u00f6nemi oldu\u011funu belirtti.<\/p>\n","protected":false},"author":1,"featured_media":0,"comment_status":"open","ping_status":"open","sticky":false,"template":"","format":"standard","meta":{"_joinchat":[],"footnotes":""},"categories":[1],"tags":[],"class_list":{"0":"post-3683","1":"post","2":"type-post","3":"status-publish","4":"format-standard","6":"category-toki"},"_links":{"self":[{"href":"https:\/\/www.karamantoki.com\/index.php\/wp-json\/wp\/v2\/posts\/3683","targetHints":{"allow":["GET"]}}],"collection":[{"href":"https:\/\/www.karamantoki.com\/index.php\/wp-json\/wp\/v2\/posts"}],"about":[{"href":"https:\/\/www.karamantoki.com\/index.php\/wp-json\/wp\/v2\/types\/post"}],"author":[{"embeddable":true,"href":"https:\/\/www.karamantoki.com\/index.php\/wp-json\/wp\/v2\/users\/1"}],"replies":[{"embeddable":true,"href":"https:\/\/www.karamantoki.com\/index.php\/wp-json\/wp\/v2\/comments?post=3683"}],"version-history":[{"count":0,"href":"https:\/\/www.karamantoki.com\/index.php\/wp-json\/wp\/v2\/posts\/3683\/revisions"}],"wp:attachment":[{"href":"https:\/\/www.karamantoki.com\/index.php\/wp-json\/wp\/v2\/media?parent=3683"}],"wp:term":[{"taxonomy":"category","embeddable":true,"href":"https:\/\/www.karamantoki.com\/index.php\/wp-json\/wp\/v2\/categories?post=3683"},{"taxonomy":"post_tag","embeddable":true,"href":"https:\/\/www.karamantoki.com\/index.php\/wp-json\/wp\/v2\/tags?post=3683"}],"curies":[{"name":"wp","href":"https:\/\/api.w.org\/{rel}","templated":true}]}}