{"id":3663,"date":"2025-12-20T19:50:52","date_gmt":"2025-12-20T19:50:52","guid":{"rendered":"https:\/\/www.karamantoki.com\/index.php\/2025\/12\/20\/gullunun-kizi-tugyan-tutuklandiktan-sonra-ilk-kez-konustu\/"},"modified":"2025-12-20T19:50:52","modified_gmt":"2025-12-20T19:50:52","slug":"gullunun-kizi-tugyan-tutuklandiktan-sonra-ilk-kez-konustu","status":"publish","type":"post","link":"https:\/\/www.karamantoki.com\/index.php\/2025\/12\/20\/gullunun-kizi-tugyan-tutuklandiktan-sonra-ilk-kez-konustu\/","title":{"rendered":"G\u00fcll\u00fc&apos;n\u00fcn k\u0131z\u0131 Tu\u011fyan tutukland\u0131ktan sonra ilk kez konu\u015ftu"},"content":{"rendered":"<p>\u00dcnl\u00fc \u015fark\u0131c\u0131 G\u00fcll\u00fc&#8217;n\u00fcn \u00f6l\u00fcm\u00fcne ili\u015fkin soru\u015fturma s\u00fcrerken, annesini \u00f6ld\u00fcrmekle su\u00e7lanarak tutuklanan k\u0131z\u0131 Tu\u011fyan \u00dclkem G\u00fclter, cezaevinden yapt\u0131\u011f\u0131 ilk a\u00e7\u0131klamada su\u00e7suz oldu\u011funu s\u00f6yledi.\u00a0 \u0130tiraf\u00e7\u0131 arkada\u015f\u0131 Sultan Nur Ulu&#8217;dan b\u00f6yle bir \u015fey beklemedi\u011fini ifade eden G\u00fclter, &#8220;Her \u015fey ge\u00e7ecek. Vicdan\u0131m \u00e7ok rahat, aklanaca\u011f\u0131ma inanc\u0131m tam. Bir g\u00fcn buradan \u00e7\u0131kaca\u011f\u0131m. Adalet er ya da ge\u00e7 yerini bulacak&#8221; dedi.\u00a0<\/p>\n","protected":false},"excerpt":{"rendered":"<p>\u00dcnl\u00fc \u015fark\u0131c\u0131 G\u00fcll\u00fc&#8217;n\u00fcn \u00f6l\u00fcm\u00fcne ili\u015fkin soru\u015fturma s\u00fcrerken, annesini \u00f6ld\u00fcrmekle su\u00e7lanarak tutuklanan k\u0131z\u0131 Tu\u011fyan \u00dclkem G\u00fclter, cezaevinden yapt\u0131\u011f\u0131 ilk a\u00e7\u0131klamada su\u00e7suz oldu\u011funu s\u00f6yledi.\u00a0 \u0130tiraf\u00e7\u0131 arkada\u015f\u0131 Sultan Nur Ulu&#8217;dan b\u00f6yle bir \u015fey beklemedi\u011fini ifade eden G\u00fclter, &#8220;Her \u015fey ge\u00e7ecek. Vicdan\u0131m \u00e7ok rahat, aklanaca\u011f\u0131ma inanc\u0131m tam. Bir g\u00fcn buradan \u00e7\u0131kaca\u011f\u0131m. Adalet er ya da ge\u00e7 yerini bulacak&#8221; dedi.\u00a0<\/p>\n","protected":false},"author":1,"featured_media":0,"comment_status":"open","ping_status":"open","sticky":false,"template":"","format":"standard","meta":{"_joinchat":[],"footnotes":""},"categories":[1],"tags":[],"class_list":{"0":"post-3663","1":"post","2":"type-post","3":"status-publish","4":"format-standard","6":"category-toki"},"_links":{"self":[{"href":"https:\/\/www.karamantoki.com\/index.php\/wp-json\/wp\/v2\/posts\/3663","targetHints":{"allow":["GET"]}}],"collection":[{"href":"https:\/\/www.karamantoki.com\/index.php\/wp-json\/wp\/v2\/posts"}],"about":[{"href":"https:\/\/www.karamantoki.com\/index.php\/wp-json\/wp\/v2\/types\/post"}],"author":[{"embeddable":true,"href":"https:\/\/www.karamantoki.com\/index.php\/wp-json\/wp\/v2\/users\/1"}],"replies":[{"embeddable":true,"href":"https:\/\/www.karamantoki.com\/index.php\/wp-json\/wp\/v2\/comments?post=3663"}],"version-history":[{"count":0,"href":"https:\/\/www.karamantoki.com\/index.php\/wp-json\/wp\/v2\/posts\/3663\/revisions"}],"wp:attachment":[{"href":"https:\/\/www.karamantoki.com\/index.php\/wp-json\/wp\/v2\/media?parent=3663"}],"wp:term":[{"taxonomy":"category","embeddable":true,"href":"https:\/\/www.karamantoki.com\/index.php\/wp-json\/wp\/v2\/categories?post=3663"},{"taxonomy":"post_tag","embeddable":true,"href":"https:\/\/www.karamantoki.com\/index.php\/wp-json\/wp\/v2\/tags?post=3663"}],"curies":[{"name":"wp","href":"https:\/\/api.w.org\/{rel}","templated":true}]}}