{"id":3644,"date":"2025-12-20T15:51:12","date_gmt":"2025-12-20T15:51:12","guid":{"rendered":"https:\/\/www.karamantoki.com\/index.php\/2025\/12\/20\/ibbnin-adalarda-baslattigi-gelecege-donus-istanbul-projesi-tanitildi\/"},"modified":"2025-12-20T15:51:12","modified_gmt":"2025-12-20T15:51:12","slug":"ibbnin-adalarda-baslattigi-gelecege-donus-istanbul-projesi-tanitildi","status":"publish","type":"post","link":"https:\/\/www.karamantoki.com\/index.php\/2025\/12\/20\/ibbnin-adalarda-baslattigi-gelecege-donus-istanbul-projesi-tanitildi\/","title":{"rendered":"\u0130BB&apos;nin Adalar&apos;da ba\u015flatt\u0131\u011f\u0131 &quot;Gelece\u011fe D\u00f6n\u00fc\u015f \u0130stanbul&quot; projesi tan\u0131t\u0131ld\u0131"},"content":{"rendered":"<p>\u0130BB ve Adalar Belediyesi i\u015fbirli\u011fiyle hayata ge\u00e7irilen &#8216;Gelece\u011fe D\u00f6n\u00fc\u015f \u0130stanbul&#8217; projesi, ak\u0131ll\u0131 at\u0131k toplama sistemi ve geri d\u00f6n\u00fc\u015f\u00fcm hedefleriyle tan\u0131t\u0131ld\u0131. Proje, at\u0131klar\u0131n kayna\u011f\u0131nda ayr\u0131\u015ft\u0131r\u0131lmas\u0131n\u0131 esas alarak, \u0130stanbul genelinde yayg\u0131nla\u015ft\u0131r\u0131lmas\u0131 planlan\u0131yor.<\/p>\n","protected":false},"excerpt":{"rendered":"<p>\u0130BB ve Adalar Belediyesi i\u015fbirli\u011fiyle hayata ge\u00e7irilen &#8216;Gelece\u011fe D\u00f6n\u00fc\u015f \u0130stanbul&#8217; projesi, ak\u0131ll\u0131 at\u0131k toplama sistemi ve geri d\u00f6n\u00fc\u015f\u00fcm hedefleriyle tan\u0131t\u0131ld\u0131. Proje, at\u0131klar\u0131n kayna\u011f\u0131nda ayr\u0131\u015ft\u0131r\u0131lmas\u0131n\u0131 esas alarak, \u0130stanbul genelinde yayg\u0131nla\u015ft\u0131r\u0131lmas\u0131 planlan\u0131yor.<\/p>\n","protected":false},"author":1,"featured_media":0,"comment_status":"open","ping_status":"open","sticky":false,"template":"","format":"standard","meta":{"_joinchat":[],"footnotes":""},"categories":[1],"tags":[],"class_list":{"0":"post-3644","1":"post","2":"type-post","3":"status-publish","4":"format-standard","6":"category-toki"},"_links":{"self":[{"href":"https:\/\/www.karamantoki.com\/index.php\/wp-json\/wp\/v2\/posts\/3644","targetHints":{"allow":["GET"]}}],"collection":[{"href":"https:\/\/www.karamantoki.com\/index.php\/wp-json\/wp\/v2\/posts"}],"about":[{"href":"https:\/\/www.karamantoki.com\/index.php\/wp-json\/wp\/v2\/types\/post"}],"author":[{"embeddable":true,"href":"https:\/\/www.karamantoki.com\/index.php\/wp-json\/wp\/v2\/users\/1"}],"replies":[{"embeddable":true,"href":"https:\/\/www.karamantoki.com\/index.php\/wp-json\/wp\/v2\/comments?post=3644"}],"version-history":[{"count":0,"href":"https:\/\/www.karamantoki.com\/index.php\/wp-json\/wp\/v2\/posts\/3644\/revisions"}],"wp:attachment":[{"href":"https:\/\/www.karamantoki.com\/index.php\/wp-json\/wp\/v2\/media?parent=3644"}],"wp:term":[{"taxonomy":"category","embeddable":true,"href":"https:\/\/www.karamantoki.com\/index.php\/wp-json\/wp\/v2\/categories?post=3644"},{"taxonomy":"post_tag","embeddable":true,"href":"https:\/\/www.karamantoki.com\/index.php\/wp-json\/wp\/v2\/tags?post=3644"}],"curies":[{"name":"wp","href":"https:\/\/api.w.org\/{rel}","templated":true}]}}