{"id":3619,"date":"2025-12-20T12:50:29","date_gmt":"2025-12-20T12:50:29","guid":{"rendered":"https:\/\/www.karamantoki.com\/index.php\/2025\/12\/20\/kubra-par-alevilerle-ilgili-sozlerinden-dolayi-ozur-diledi\/"},"modified":"2025-12-20T12:50:29","modified_gmt":"2025-12-20T12:50:29","slug":"kubra-par-alevilerle-ilgili-sozlerinden-dolayi-ozur-diledi","status":"publish","type":"post","link":"https:\/\/www.karamantoki.com\/index.php\/2025\/12\/20\/kubra-par-alevilerle-ilgili-sozlerinden-dolayi-ozur-diledi\/","title":{"rendered":"K\u00fcbra Par, Alevilerle ilgili s\u00f6zlerinden dolay\u0131 \u00f6z\u00fcr diledi"},"content":{"rendered":"<p>CHP Genel Ba\u015fkan\u0131 \u00d6zg\u00fcr \u00d6zel&#8217;e ait eski g\u00f6r\u00fcnt\u00fclerin yeniden g\u00fcndeme gelmesinin ard\u0131ndan tv100 Ana Haber sunucusu K\u00fcbra Par&#8217;\u0131n Alevi inanc\u0131na ili\u015fkin s\u00f6zleri kamuoyunda tart\u0131\u015fma yaratt\u0131. Alevi dernek ve vak\u0131flar\u0131n\u0131n sert tepkisi \u00fczerine Par, kulland\u0131\u011f\u0131 ifadelerin hatal\u0131 ve mesnetsiz oldu\u011funu belirterek canl\u0131 yay\u0131nda Alevi vatanda\u015flardan \u00f6z\u00fcr diledi.<\/p>\n","protected":false},"excerpt":{"rendered":"<p>CHP Genel Ba\u015fkan\u0131 \u00d6zg\u00fcr \u00d6zel&#8217;e ait eski g\u00f6r\u00fcnt\u00fclerin yeniden g\u00fcndeme gelmesinin ard\u0131ndan tv100 Ana Haber sunucusu K\u00fcbra Par&#8217;\u0131n Alevi inanc\u0131na ili\u015fkin s\u00f6zleri kamuoyunda tart\u0131\u015fma yaratt\u0131. Alevi dernek ve vak\u0131flar\u0131n\u0131n sert tepkisi \u00fczerine Par, kulland\u0131\u011f\u0131 ifadelerin hatal\u0131 ve mesnetsiz oldu\u011funu belirterek canl\u0131 yay\u0131nda Alevi vatanda\u015flardan \u00f6z\u00fcr diledi.<\/p>\n","protected":false},"author":1,"featured_media":0,"comment_status":"open","ping_status":"open","sticky":false,"template":"","format":"standard","meta":{"_joinchat":[],"footnotes":""},"categories":[1],"tags":[],"class_list":{"0":"post-3619","1":"post","2":"type-post","3":"status-publish","4":"format-standard","6":"category-toki"},"_links":{"self":[{"href":"https:\/\/www.karamantoki.com\/index.php\/wp-json\/wp\/v2\/posts\/3619","targetHints":{"allow":["GET"]}}],"collection":[{"href":"https:\/\/www.karamantoki.com\/index.php\/wp-json\/wp\/v2\/posts"}],"about":[{"href":"https:\/\/www.karamantoki.com\/index.php\/wp-json\/wp\/v2\/types\/post"}],"author":[{"embeddable":true,"href":"https:\/\/www.karamantoki.com\/index.php\/wp-json\/wp\/v2\/users\/1"}],"replies":[{"embeddable":true,"href":"https:\/\/www.karamantoki.com\/index.php\/wp-json\/wp\/v2\/comments?post=3619"}],"version-history":[{"count":0,"href":"https:\/\/www.karamantoki.com\/index.php\/wp-json\/wp\/v2\/posts\/3619\/revisions"}],"wp:attachment":[{"href":"https:\/\/www.karamantoki.com\/index.php\/wp-json\/wp\/v2\/media?parent=3619"}],"wp:term":[{"taxonomy":"category","embeddable":true,"href":"https:\/\/www.karamantoki.com\/index.php\/wp-json\/wp\/v2\/categories?post=3619"},{"taxonomy":"post_tag","embeddable":true,"href":"https:\/\/www.karamantoki.com\/index.php\/wp-json\/wp\/v2\/tags?post=3619"}],"curies":[{"name":"wp","href":"https:\/\/api.w.org\/{rel}","templated":true}]}}