{"id":3579,"date":"2025-12-20T05:50:58","date_gmt":"2025-12-20T05:50:58","guid":{"rendered":"https:\/\/www.karamantoki.com\/index.php\/2025\/12\/20\/tuyler-urperten-detaylar-ortaya-cikti-iste-teslimenin-katili-icin-istenen-ceza\/"},"modified":"2025-12-20T05:50:58","modified_gmt":"2025-12-20T05:50:58","slug":"tuyler-urperten-detaylar-ortaya-cikti-iste-teslimenin-katili-icin-istenen-ceza","status":"publish","type":"post","link":"https:\/\/www.karamantoki.com\/index.php\/2025\/12\/20\/tuyler-urperten-detaylar-ortaya-cikti-iste-teslimenin-katili-icin-istenen-ceza\/","title":{"rendered":"T\u00fcyler \u00fcrperten detaylar ortaya \u00e7\u0131kt\u0131! \u0130\u015fte Teslime&apos;nin katili i\u00e7in istenen ceza"},"content":{"rendered":"<p>Ayd\u0131n&#8217;da \u00fcniversite \u00f6\u011frencisi 20 ya\u015f\u0131ndaki Teslime Hanedan&#8217;\u0131n bir zeytinlikte ba\u015f\u0131ndan tabancayla vurulmu\u015f halde \u00f6l\u00fc bulunmas\u0131na ili\u015fkin y\u00fcr\u00fct\u00fclen soru\u015fturmada iddianame haz\u0131rland\u0131. Olay\u0131n ard\u0131ndan g\u00f6zalt\u0131na al\u0131n\u0131p tutuklanan erkek arkada\u015f\u0131 19 ya\u015f\u0131ndaki Efe Fidan hakk\u0131nda, savc\u0131l\u0131k taraf\u0131ndan a\u011f\u0131rla\u015ft\u0131r\u0131lm\u0131\u015f m\u00fcebbet hapis cezas\u0131 talebiyle dava a\u00e7\u0131ld\u0131. Soru\u015fturma dosyas\u0131na yans\u0131yan yeni detaylar ise t\u00fcyler \u00fcrpertti.<\/p>\n","protected":false},"excerpt":{"rendered":"<p>Ayd\u0131n&#8217;da \u00fcniversite \u00f6\u011frencisi 20 ya\u015f\u0131ndaki Teslime Hanedan&#8217;\u0131n bir zeytinlikte ba\u015f\u0131ndan tabancayla vurulmu\u015f halde \u00f6l\u00fc bulunmas\u0131na ili\u015fkin y\u00fcr\u00fct\u00fclen soru\u015fturmada iddianame haz\u0131rland\u0131. Olay\u0131n ard\u0131ndan g\u00f6zalt\u0131na al\u0131n\u0131p tutuklanan erkek arkada\u015f\u0131 19 ya\u015f\u0131ndaki Efe Fidan hakk\u0131nda, savc\u0131l\u0131k taraf\u0131ndan a\u011f\u0131rla\u015ft\u0131r\u0131lm\u0131\u015f m\u00fcebbet hapis cezas\u0131 talebiyle dava a\u00e7\u0131ld\u0131. Soru\u015fturma dosyas\u0131na yans\u0131yan yeni detaylar ise t\u00fcyler \u00fcrpertti.<\/p>\n","protected":false},"author":1,"featured_media":0,"comment_status":"open","ping_status":"open","sticky":false,"template":"","format":"standard","meta":{"_joinchat":[],"footnotes":""},"categories":[1],"tags":[],"class_list":{"0":"post-3579","1":"post","2":"type-post","3":"status-publish","4":"format-standard","6":"category-toki"},"_links":{"self":[{"href":"https:\/\/www.karamantoki.com\/index.php\/wp-json\/wp\/v2\/posts\/3579","targetHints":{"allow":["GET"]}}],"collection":[{"href":"https:\/\/www.karamantoki.com\/index.php\/wp-json\/wp\/v2\/posts"}],"about":[{"href":"https:\/\/www.karamantoki.com\/index.php\/wp-json\/wp\/v2\/types\/post"}],"author":[{"embeddable":true,"href":"https:\/\/www.karamantoki.com\/index.php\/wp-json\/wp\/v2\/users\/1"}],"replies":[{"embeddable":true,"href":"https:\/\/www.karamantoki.com\/index.php\/wp-json\/wp\/v2\/comments?post=3579"}],"version-history":[{"count":0,"href":"https:\/\/www.karamantoki.com\/index.php\/wp-json\/wp\/v2\/posts\/3579\/revisions"}],"wp:attachment":[{"href":"https:\/\/www.karamantoki.com\/index.php\/wp-json\/wp\/v2\/media?parent=3579"}],"wp:term":[{"taxonomy":"category","embeddable":true,"href":"https:\/\/www.karamantoki.com\/index.php\/wp-json\/wp\/v2\/categories?post=3579"},{"taxonomy":"post_tag","embeddable":true,"href":"https:\/\/www.karamantoki.com\/index.php\/wp-json\/wp\/v2\/tags?post=3579"}],"curies":[{"name":"wp","href":"https:\/\/api.w.org\/{rel}","templated":true}]}}