{"id":3531,"date":"2025-12-19T19:51:17","date_gmt":"2025-12-19T19:51:17","guid":{"rendered":"https:\/\/www.karamantoki.com\/index.php\/2025\/12\/19\/gediz-izmir-elektrik-kesintisi-listesi-20-21-aralik-izmirde-elektrik-kesintisi-ne-zaman-bitecek-elektrikler-ne-zaman-gelecek\/"},"modified":"2025-12-19T19:51:17","modified_gmt":"2025-12-19T19:51:17","slug":"gediz-izmir-elektrik-kesintisi-listesi-20-21-aralik-izmirde-elektrik-kesintisi-ne-zaman-bitecek-elektrikler-ne-zaman-gelecek","status":"publish","type":"post","link":"https:\/\/www.karamantoki.com\/index.php\/2025\/12\/19\/gediz-izmir-elektrik-kesintisi-listesi-20-21-aralik-izmirde-elektrik-kesintisi-ne-zaman-bitecek-elektrikler-ne-zaman-gelecek\/","title":{"rendered":"GED\u0130Z \u0130zmir elektrik kesintisi listesi! 20-21 Aral\u0131k \u0130zmir&apos;de elektrik kesintisi ne zaman bitecek, elektrikler ne zaman gelecek?"},"content":{"rendered":"<p>\u0130zmir elektrik kesintisi listesi! GED\u0130Z \u0130zmir&#8217;de elektrik ne zaman gelecek? 20 Aral\u0131k g\u00fcn\u00fc \u0130zmir&#8217;in bir\u00e7ok il\u00e7esinde elektrik kesintisi ya\u015fanacak ve kesinti belli saat aral\u0131klar\u0131nda ger\u00e7ekle\u015fecek. Peki, 20 Aral\u0131k g\u00fcn\u00fc \u0130zmir&#8217;in hangi il\u00e7elerinde elektrik kesintisi ya\u015fanacak? \u0130zmir&#8217;de Buca elektrik kesintisi, Karaba\u011flar elektrik kesintisi, Bornova elektrik kesintisi ara\u015ft\u0131rmalar\u0131 yap\u0131l\u0131yor. Peki, \u0130zmir elektrik kesintisi ka\u00e7 saat s\u00fcrecek? \u0130zmir elektrik kesintisi ve detaylar\u0131\u2026<\/p>\n","protected":false},"excerpt":{"rendered":"<p>\u0130zmir elektrik kesintisi listesi! GED\u0130Z \u0130zmir&#8217;de elektrik ne zaman gelecek? 20 Aral\u0131k g\u00fcn\u00fc \u0130zmir&#8217;in bir\u00e7ok il\u00e7esinde elektrik kesintisi ya\u015fanacak ve kesinti belli saat aral\u0131klar\u0131nda ger\u00e7ekle\u015fecek. Peki, 20 Aral\u0131k g\u00fcn\u00fc \u0130zmir&#8217;in hangi il\u00e7elerinde elektrik kesintisi ya\u015fanacak? \u0130zmir&#8217;de Buca elektrik kesintisi, Karaba\u011flar elektrik kesintisi, Bornova elektrik kesintisi ara\u015ft\u0131rmalar\u0131 yap\u0131l\u0131yor. Peki, \u0130zmir elektrik kesintisi ka\u00e7 saat s\u00fcrecek? \u0130zmir [&hellip;]<\/p>\n","protected":false},"author":1,"featured_media":0,"comment_status":"open","ping_status":"open","sticky":false,"template":"","format":"standard","meta":{"_joinchat":[],"footnotes":""},"categories":[1],"tags":[],"class_list":{"0":"post-3531","1":"post","2":"type-post","3":"status-publish","4":"format-standard","6":"category-toki"},"_links":{"self":[{"href":"https:\/\/www.karamantoki.com\/index.php\/wp-json\/wp\/v2\/posts\/3531","targetHints":{"allow":["GET"]}}],"collection":[{"href":"https:\/\/www.karamantoki.com\/index.php\/wp-json\/wp\/v2\/posts"}],"about":[{"href":"https:\/\/www.karamantoki.com\/index.php\/wp-json\/wp\/v2\/types\/post"}],"author":[{"embeddable":true,"href":"https:\/\/www.karamantoki.com\/index.php\/wp-json\/wp\/v2\/users\/1"}],"replies":[{"embeddable":true,"href":"https:\/\/www.karamantoki.com\/index.php\/wp-json\/wp\/v2\/comments?post=3531"}],"version-history":[{"count":0,"href":"https:\/\/www.karamantoki.com\/index.php\/wp-json\/wp\/v2\/posts\/3531\/revisions"}],"wp:attachment":[{"href":"https:\/\/www.karamantoki.com\/index.php\/wp-json\/wp\/v2\/media?parent=3531"}],"wp:term":[{"taxonomy":"category","embeddable":true,"href":"https:\/\/www.karamantoki.com\/index.php\/wp-json\/wp\/v2\/categories?post=3531"},{"taxonomy":"post_tag","embeddable":true,"href":"https:\/\/www.karamantoki.com\/index.php\/wp-json\/wp\/v2\/tags?post=3531"}],"curies":[{"name":"wp","href":"https:\/\/api.w.org\/{rel}","templated":true}]}}