{"id":3461,"date":"2025-12-19T09:50:19","date_gmt":"2025-12-19T09:50:19","guid":{"rendered":"https:\/\/www.karamantoki.com\/index.php\/2025\/12\/19\/ortaligi-yakip-yikan-ciftciler-avrupali-liderlere-geri-adim-attirdi\/"},"modified":"2025-12-19T09:50:19","modified_gmt":"2025-12-19T09:50:19","slug":"ortaligi-yakip-yikan-ciftciler-avrupali-liderlere-geri-adim-attirdi","status":"publish","type":"post","link":"https:\/\/www.karamantoki.com\/index.php\/2025\/12\/19\/ortaligi-yakip-yikan-ciftciler-avrupali-liderlere-geri-adim-attirdi\/","title":{"rendered":"Ortal\u0131\u011f\u0131 yak\u0131p y\u0131kan \u00e7ift\u00e7iler Avrupal\u0131 liderlere geri ad\u0131m att\u0131rd\u0131"},"content":{"rendered":"<p>Br\u00fcksel&#8217;de on binlerce \u00e7ift\u00e7inin d\u00fczenledi\u011fi sert protestolar sonras\u0131 AB ile Mercosur \u00fclkeleri aras\u0131ndaki serbest ticaret anla\u015fmas\u0131n\u0131n imzalanmas\u0131 en az bir ay ertelendi. \u00c7ift\u00e7iler, G\u00fcney Amerika&#8217;dan gelecek ucuz tar\u0131m \u00fcr\u00fcnlerinin Avrupa&#8217;daki yerel \u00fcretimi tehdit edece\u011fini savunurken, protestolar AB Liderler Zirvesi&#8217;ni de g\u00f6lgede b\u0131rakt\u0131.<\/p>\n","protected":false},"excerpt":{"rendered":"<p>Br\u00fcksel&#8217;de on binlerce \u00e7ift\u00e7inin d\u00fczenledi\u011fi sert protestolar sonras\u0131 AB ile Mercosur \u00fclkeleri aras\u0131ndaki serbest ticaret anla\u015fmas\u0131n\u0131n imzalanmas\u0131 en az bir ay ertelendi. \u00c7ift\u00e7iler, G\u00fcney Amerika&#8217;dan gelecek ucuz tar\u0131m \u00fcr\u00fcnlerinin Avrupa&#8217;daki yerel \u00fcretimi tehdit edece\u011fini savunurken, protestolar AB Liderler Zirvesi&#8217;ni de g\u00f6lgede b\u0131rakt\u0131.<\/p>\n","protected":false},"author":1,"featured_media":0,"comment_status":"open","ping_status":"open","sticky":false,"template":"","format":"standard","meta":{"_joinchat":[],"footnotes":""},"categories":[1],"tags":[],"class_list":{"0":"post-3461","1":"post","2":"type-post","3":"status-publish","4":"format-standard","6":"category-toki"},"_links":{"self":[{"href":"https:\/\/www.karamantoki.com\/index.php\/wp-json\/wp\/v2\/posts\/3461","targetHints":{"allow":["GET"]}}],"collection":[{"href":"https:\/\/www.karamantoki.com\/index.php\/wp-json\/wp\/v2\/posts"}],"about":[{"href":"https:\/\/www.karamantoki.com\/index.php\/wp-json\/wp\/v2\/types\/post"}],"author":[{"embeddable":true,"href":"https:\/\/www.karamantoki.com\/index.php\/wp-json\/wp\/v2\/users\/1"}],"replies":[{"embeddable":true,"href":"https:\/\/www.karamantoki.com\/index.php\/wp-json\/wp\/v2\/comments?post=3461"}],"version-history":[{"count":0,"href":"https:\/\/www.karamantoki.com\/index.php\/wp-json\/wp\/v2\/posts\/3461\/revisions"}],"wp:attachment":[{"href":"https:\/\/www.karamantoki.com\/index.php\/wp-json\/wp\/v2\/media?parent=3461"}],"wp:term":[{"taxonomy":"category","embeddable":true,"href":"https:\/\/www.karamantoki.com\/index.php\/wp-json\/wp\/v2\/categories?post=3461"},{"taxonomy":"post_tag","embeddable":true,"href":"https:\/\/www.karamantoki.com\/index.php\/wp-json\/wp\/v2\/tags?post=3461"}],"curies":[{"name":"wp","href":"https:\/\/api.w.org\/{rel}","templated":true}]}}