{"id":3441,"date":"2025-12-19T06:50:15","date_gmt":"2025-12-19T06:50:15","guid":{"rendered":"https:\/\/www.karamantoki.com\/index.php\/2025\/12\/19\/veyis-ates-kimdir-eski-haberturk-genel-muduru-veyis-ates-kac-yasinda-nereli-uyusturucu-sorusturmasinda-ifadeye-cagrildi\/"},"modified":"2025-12-19T06:50:15","modified_gmt":"2025-12-19T06:50:15","slug":"veyis-ates-kimdir-eski-haberturk-genel-muduru-veyis-ates-kac-yasinda-nereli-uyusturucu-sorusturmasinda-ifadeye-cagrildi","status":"publish","type":"post","link":"https:\/\/www.karamantoki.com\/index.php\/2025\/12\/19\/veyis-ates-kimdir-eski-haberturk-genel-muduru-veyis-ates-kac-yasinda-nereli-uyusturucu-sorusturmasinda-ifadeye-cagrildi\/","title":{"rendered":"Veyis Ate\u015f kimdir? Eski Habert\u00fcrk Genel M\u00fcd\u00fcr\u00fc Veyis Ate\u015f ka\u00e7 ya\u015f\u0131nda, nereli? Uyu\u015fturucu soru\u015fturmas\u0131nda ifadeye \u00e7a\u011fr\u0131ld\u0131!"},"content":{"rendered":"<p>\u0130stanbul Cumhuriyet Ba\u015fsavc\u0131l\u0131\u011f\u0131 taraf\u0131ndan y\u00fcr\u00fct\u00fclen uyu\u015fturucu soru\u015fturmas\u0131, medya d\u00fcnyas\u0131nda etkisini her ge\u00e7en g\u00fcn art\u0131r\u0131rken, soru\u015fturman\u0131n kapsam\u0131n\u0131n geni\u015fletilmesiyle birlikte dikkat \u00e7eken bir geli\u015fme ya\u015fand\u0131. Eski Habert\u00fcrk Genel Yay\u0131n Y\u00f6netmeni Veyis Ate\u015f, dosya kapsam\u0131nda ifadeye \u00e7a\u011fr\u0131lan isimler aras\u0131nda yer ald\u0131. Peki, Veyis Ate\u015f kimdir? Eski Habert\u00fcrk Genel M\u00fcd\u00fcr\u00fc Veyis Ate\u015f ka\u00e7 ya\u015f\u0131nda, nereli? Detaylar&#8230;<\/p>\n","protected":false},"excerpt":{"rendered":"<p>\u0130stanbul Cumhuriyet Ba\u015fsavc\u0131l\u0131\u011f\u0131 taraf\u0131ndan y\u00fcr\u00fct\u00fclen uyu\u015fturucu soru\u015fturmas\u0131, medya d\u00fcnyas\u0131nda etkisini her ge\u00e7en g\u00fcn art\u0131r\u0131rken, soru\u015fturman\u0131n kapsam\u0131n\u0131n geni\u015fletilmesiyle birlikte dikkat \u00e7eken bir geli\u015fme ya\u015fand\u0131. Eski Habert\u00fcrk Genel Yay\u0131n Y\u00f6netmeni Veyis Ate\u015f, dosya kapsam\u0131nda ifadeye \u00e7a\u011fr\u0131lan isimler aras\u0131nda yer ald\u0131. Peki, Veyis Ate\u015f kimdir? Eski Habert\u00fcrk Genel M\u00fcd\u00fcr\u00fc Veyis Ate\u015f ka\u00e7 ya\u015f\u0131nda, nereli? Detaylar&#8230;<\/p>\n","protected":false},"author":1,"featured_media":0,"comment_status":"open","ping_status":"open","sticky":false,"template":"","format":"standard","meta":{"_joinchat":[],"footnotes":""},"categories":[1],"tags":[],"class_list":{"0":"post-3441","1":"post","2":"type-post","3":"status-publish","4":"format-standard","6":"category-toki"},"_links":{"self":[{"href":"https:\/\/www.karamantoki.com\/index.php\/wp-json\/wp\/v2\/posts\/3441","targetHints":{"allow":["GET"]}}],"collection":[{"href":"https:\/\/www.karamantoki.com\/index.php\/wp-json\/wp\/v2\/posts"}],"about":[{"href":"https:\/\/www.karamantoki.com\/index.php\/wp-json\/wp\/v2\/types\/post"}],"author":[{"embeddable":true,"href":"https:\/\/www.karamantoki.com\/index.php\/wp-json\/wp\/v2\/users\/1"}],"replies":[{"embeddable":true,"href":"https:\/\/www.karamantoki.com\/index.php\/wp-json\/wp\/v2\/comments?post=3441"}],"version-history":[{"count":0,"href":"https:\/\/www.karamantoki.com\/index.php\/wp-json\/wp\/v2\/posts\/3441\/revisions"}],"wp:attachment":[{"href":"https:\/\/www.karamantoki.com\/index.php\/wp-json\/wp\/v2\/media?parent=3441"}],"wp:term":[{"taxonomy":"category","embeddable":true,"href":"https:\/\/www.karamantoki.com\/index.php\/wp-json\/wp\/v2\/categories?post=3441"},{"taxonomy":"post_tag","embeddable":true,"href":"https:\/\/www.karamantoki.com\/index.php\/wp-json\/wp\/v2\/tags?post=3441"}],"curies":[{"name":"wp","href":"https:\/\/api.w.org\/{rel}","templated":true}]}}