{"id":3274,"date":"2025-12-18T05:50:15","date_gmt":"2025-12-18T05:50:15","guid":{"rendered":"https:\/\/www.karamantoki.com\/index.php\/2025\/12\/18\/cem-garipoglunun-kuzeni-kasim-garipoglu-kimdir-ne-is-yapiyor-kasim-garipoglu-kac-yasinda-nereli\/"},"modified":"2025-12-18T05:50:15","modified_gmt":"2025-12-18T05:50:15","slug":"cem-garipoglunun-kuzeni-kasim-garipoglu-kimdir-ne-is-yapiyor-kasim-garipoglu-kac-yasinda-nereli","status":"publish","type":"post","link":"https:\/\/www.karamantoki.com\/index.php\/2025\/12\/18\/cem-garipoglunun-kuzeni-kasim-garipoglu-kimdir-ne-is-yapiyor-kasim-garipoglu-kac-yasinda-nereli\/","title":{"rendered":"Cem Garipo\u011flu&apos;nun kuzeni Kas\u0131m Garipo\u011flu kimdir, ne i\u015f yap\u0131yor? Kas\u0131m Garipo\u011flu ka\u00e7 ya\u015f\u0131nda, nereli?"},"content":{"rendered":"<p>T\u00fcrkiye g\u00fcndeminde yank\u0131 uyand\u0131ran yeni adli geli\u015fmelerle birlikte, kamuoyunun dikkatleri bir kez daha Garipo\u011flu ailesine \u00e7evrildi. \u0130stanbul merkezli y\u00fcr\u00fct\u00fclen uyu\u015fturucu soru\u015fturmas\u0131 kapsam\u0131nda Kas\u0131m Garipo\u011flu hakk\u0131nda yakalama emri \u00e7\u0131kt\u0131. Peki, Cem Garipo\u011flu&#8217;nun kuzeni Kas\u0131m Garipo\u011flu kimdir?  Kas\u0131m Garipo\u011flu ne i\u015f yap\u0131yor? Kas\u0131m Garipo\u011flu ka\u00e7 ya\u015f\u0131nda, nereli? S\u00fcrecin detaylar\u0131 ve Kas\u0131m Garipo\u011flu&#8217;nun hayat\u0131na dair detaylar haberimizde!<\/p>\n","protected":false},"excerpt":{"rendered":"<p>T\u00fcrkiye g\u00fcndeminde yank\u0131 uyand\u0131ran yeni adli geli\u015fmelerle birlikte, kamuoyunun dikkatleri bir kez daha Garipo\u011flu ailesine \u00e7evrildi. \u0130stanbul merkezli y\u00fcr\u00fct\u00fclen uyu\u015fturucu soru\u015fturmas\u0131 kapsam\u0131nda Kas\u0131m Garipo\u011flu hakk\u0131nda yakalama emri \u00e7\u0131kt\u0131. Peki, Cem Garipo\u011flu&#8217;nun kuzeni Kas\u0131m Garipo\u011flu kimdir? Kas\u0131m Garipo\u011flu ne i\u015f yap\u0131yor? Kas\u0131m Garipo\u011flu ka\u00e7 ya\u015f\u0131nda, nereli? S\u00fcrecin detaylar\u0131 ve Kas\u0131m Garipo\u011flu&#8217;nun hayat\u0131na dair detaylar haberimizde!<\/p>\n","protected":false},"author":1,"featured_media":0,"comment_status":"open","ping_status":"open","sticky":false,"template":"","format":"standard","meta":{"_joinchat":[],"footnotes":""},"categories":[1],"tags":[],"class_list":{"0":"post-3274","1":"post","2":"type-post","3":"status-publish","4":"format-standard","6":"category-toki"},"_links":{"self":[{"href":"https:\/\/www.karamantoki.com\/index.php\/wp-json\/wp\/v2\/posts\/3274","targetHints":{"allow":["GET"]}}],"collection":[{"href":"https:\/\/www.karamantoki.com\/index.php\/wp-json\/wp\/v2\/posts"}],"about":[{"href":"https:\/\/www.karamantoki.com\/index.php\/wp-json\/wp\/v2\/types\/post"}],"author":[{"embeddable":true,"href":"https:\/\/www.karamantoki.com\/index.php\/wp-json\/wp\/v2\/users\/1"}],"replies":[{"embeddable":true,"href":"https:\/\/www.karamantoki.com\/index.php\/wp-json\/wp\/v2\/comments?post=3274"}],"version-history":[{"count":0,"href":"https:\/\/www.karamantoki.com\/index.php\/wp-json\/wp\/v2\/posts\/3274\/revisions"}],"wp:attachment":[{"href":"https:\/\/www.karamantoki.com\/index.php\/wp-json\/wp\/v2\/media?parent=3274"}],"wp:term":[{"taxonomy":"category","embeddable":true,"href":"https:\/\/www.karamantoki.com\/index.php\/wp-json\/wp\/v2\/categories?post=3274"},{"taxonomy":"post_tag","embeddable":true,"href":"https:\/\/www.karamantoki.com\/index.php\/wp-json\/wp\/v2\/tags?post=3274"}],"curies":[{"name":"wp","href":"https:\/\/api.w.org\/{rel}","templated":true}]}}