{"id":3193,"date":"2025-12-17T16:51:08","date_gmt":"2025-12-17T16:51:08","guid":{"rendered":"https:\/\/www.karamantoki.com\/index.php\/2025\/12\/17\/2026-butcesi-tbmm-genel-kurulunda-semih-yalcin-teror-meselesini-sehitler-vermeden-gaziler-gelmeden-cozmek-ihanetle-esdeger-tutulabilir-mi\/"},"modified":"2025-12-17T16:51:08","modified_gmt":"2025-12-17T16:51:08","slug":"2026-butcesi-tbmm-genel-kurulunda-semih-yalcin-teror-meselesini-sehitler-vermeden-gaziler-gelmeden-cozmek-ihanetle-esdeger-tutulabilir-mi","status":"publish","type":"post","link":"https:\/\/www.karamantoki.com\/index.php\/2025\/12\/17\/2026-butcesi-tbmm-genel-kurulunda-semih-yalcin-teror-meselesini-sehitler-vermeden-gaziler-gelmeden-cozmek-ihanetle-esdeger-tutulabilir-mi\/","title":{"rendered":"2026 B\u00fct\u00e7esi TBMM Genel Kurulu&apos;nda&#8230; Semih Yal\u00e7\u0131n: Ter\u00f6r Meselesini \u015eehitler Vermeden, Gaziler Gelmeden \u00c7\u00f6zmek \u0130hanetle E\u015fde\u011fer Tutulabilir Mi?"},"content":{"rendered":"<p>TBMM Genel Kurulu&#8217;nda konu\u015fan\u00a0MHP Genel Ba\u015fkan Yard\u0131mc\u0131s\u0131 Semih Yal\u00e7\u0131n, &#8220;Bir ter\u00f6r \u00f6rg\u00fct\u00fcn\u00fcn tasfiyesini sa\u011flamak su\u00e7 olabilir mi? Sosyal bar\u0131\u015f\u0131 temin etmek kabahat olabilir mi? Siyasetin me\u015fru zeminde ve me\u015fru yollarda yap\u0131lmas\u0131na zemin haz\u0131rlamak ihanet olabilir mi? Ter\u00f6rs\u00fcz bir T\u00fcrkiye kurmak su\u00e7 olabilir mi? Ter\u00f6r meselesini \u015fehitler vermeden, gaziler gelmeden \u00e7\u00f6zmek ihanetle e\u015fde\u011fer tutulabilir mi? As\u0131l ihanet Ter\u00f6rs\u00fcz T\u00fcrkiye \u00e7abalar\u0131n\u0131 sabote etmek, baltalamakt\u0131r&#8221; dedi.<\/p>\n","protected":false},"excerpt":{"rendered":"<p>TBMM Genel Kurulu&#8217;nda konu\u015fan\u00a0MHP Genel Ba\u015fkan Yard\u0131mc\u0131s\u0131 Semih Yal\u00e7\u0131n, &#8220;Bir ter\u00f6r \u00f6rg\u00fct\u00fcn\u00fcn tasfiyesini sa\u011flamak su\u00e7 olabilir mi? Sosyal bar\u0131\u015f\u0131 temin etmek kabahat olabilir mi? Siyasetin me\u015fru zeminde ve me\u015fru yollarda yap\u0131lmas\u0131na zemin haz\u0131rlamak ihanet olabilir mi? Ter\u00f6rs\u00fcz bir T\u00fcrkiye kurmak su\u00e7 olabilir mi? Ter\u00f6r meselesini \u015fehitler vermeden, gaziler gelmeden \u00e7\u00f6zmek ihanetle e\u015fde\u011fer tutulabilir mi? As\u0131l [&hellip;]<\/p>\n","protected":false},"author":1,"featured_media":0,"comment_status":"open","ping_status":"open","sticky":false,"template":"","format":"standard","meta":{"_joinchat":[],"footnotes":""},"categories":[1],"tags":[],"class_list":{"0":"post-3193","1":"post","2":"type-post","3":"status-publish","4":"format-standard","6":"category-toki"},"_links":{"self":[{"href":"https:\/\/www.karamantoki.com\/index.php\/wp-json\/wp\/v2\/posts\/3193","targetHints":{"allow":["GET"]}}],"collection":[{"href":"https:\/\/www.karamantoki.com\/index.php\/wp-json\/wp\/v2\/posts"}],"about":[{"href":"https:\/\/www.karamantoki.com\/index.php\/wp-json\/wp\/v2\/types\/post"}],"author":[{"embeddable":true,"href":"https:\/\/www.karamantoki.com\/index.php\/wp-json\/wp\/v2\/users\/1"}],"replies":[{"embeddable":true,"href":"https:\/\/www.karamantoki.com\/index.php\/wp-json\/wp\/v2\/comments?post=3193"}],"version-history":[{"count":0,"href":"https:\/\/www.karamantoki.com\/index.php\/wp-json\/wp\/v2\/posts\/3193\/revisions"}],"wp:attachment":[{"href":"https:\/\/www.karamantoki.com\/index.php\/wp-json\/wp\/v2\/media?parent=3193"}],"wp:term":[{"taxonomy":"category","embeddable":true,"href":"https:\/\/www.karamantoki.com\/index.php\/wp-json\/wp\/v2\/categories?post=3193"},{"taxonomy":"post_tag","embeddable":true,"href":"https:\/\/www.karamantoki.com\/index.php\/wp-json\/wp\/v2\/tags?post=3193"}],"curies":[{"name":"wp","href":"https:\/\/api.w.org\/{rel}","templated":true}]}}