{"id":3187,"date":"2025-12-17T14:52:48","date_gmt":"2025-12-17T14:52:48","guid":{"rendered":"https:\/\/www.karamantoki.com\/index.php\/2025\/12\/17\/ifade-vermek-icin-adliyeye-gelen-ela-rumeysa-cebeci-lavaboda-kiyafetini-degistirdi\/"},"modified":"2025-12-17T14:52:48","modified_gmt":"2025-12-17T14:52:48","slug":"ifade-vermek-icin-adliyeye-gelen-ela-rumeysa-cebeci-lavaboda-kiyafetini-degistirdi","status":"publish","type":"post","link":"https:\/\/www.karamantoki.com\/index.php\/2025\/12\/17\/ifade-vermek-icin-adliyeye-gelen-ela-rumeysa-cebeci-lavaboda-kiyafetini-degistirdi\/","title":{"rendered":"\u0130fade vermek i\u00e7in adliyeye gelen Ela R\u00fcmeysa Cebeci, lavaboda k\u0131yafetini de\u011fi\u015ftirdi"},"content":{"rendered":"<p>\u0130stanbul Cumhuriyet Ba\u015fsavc\u0131l\u0131\u011f\u0131 taraf\u0131ndan y\u00fcr\u00fct\u00fclen uyu\u015fturucu soru\u015fturmas\u0131 kapsam\u0131nda, Adli T\u0131p Kurumu&#8217;nda yap\u0131lan uyu\u015fturucu testi pozitif \u00e7\u0131kan spiker Ela R\u00fcmeysa Cebeci ifade vermek i\u00e7in \u00c7a\u011flayan&#8217;daki \u0130stanbul Adalet Saray\u0131&#8217;na geldi. Kendisini g\u00f6r\u00fcnt\u00fcleyen bas\u0131n mensuplar\u0131ndan adeta ko\u015far ad\u0131m ka\u00e7arak sorular\u0131 yan\u0131ts\u0131z b\u0131rakan Cebeci&#8217;nin, savc\u0131l\u0131ktaki ifade i\u015flemleri \u00f6ncesinde lavaboya giderek \u00fczerini de\u011fi\u015ftirmesi de dikkat \u00e7ekti.<\/p>\n","protected":false},"excerpt":{"rendered":"<p>\u0130stanbul Cumhuriyet Ba\u015fsavc\u0131l\u0131\u011f\u0131 taraf\u0131ndan y\u00fcr\u00fct\u00fclen uyu\u015fturucu soru\u015fturmas\u0131 kapsam\u0131nda, Adli T\u0131p Kurumu&#8217;nda yap\u0131lan uyu\u015fturucu testi pozitif \u00e7\u0131kan spiker Ela R\u00fcmeysa Cebeci ifade vermek i\u00e7in \u00c7a\u011flayan&#8217;daki \u0130stanbul Adalet Saray\u0131&#8217;na geldi. Kendisini g\u00f6r\u00fcnt\u00fcleyen bas\u0131n mensuplar\u0131ndan adeta ko\u015far ad\u0131m ka\u00e7arak sorular\u0131 yan\u0131ts\u0131z b\u0131rakan Cebeci&#8217;nin, savc\u0131l\u0131ktaki ifade i\u015flemleri \u00f6ncesinde lavaboya giderek \u00fczerini de\u011fi\u015ftirmesi de dikkat \u00e7ekti.<\/p>\n","protected":false},"author":1,"featured_media":0,"comment_status":"open","ping_status":"open","sticky":false,"template":"","format":"standard","meta":{"_joinchat":[],"footnotes":""},"categories":[1],"tags":[],"class_list":{"0":"post-3187","1":"post","2":"type-post","3":"status-publish","4":"format-standard","6":"category-toki"},"_links":{"self":[{"href":"https:\/\/www.karamantoki.com\/index.php\/wp-json\/wp\/v2\/posts\/3187","targetHints":{"allow":["GET"]}}],"collection":[{"href":"https:\/\/www.karamantoki.com\/index.php\/wp-json\/wp\/v2\/posts"}],"about":[{"href":"https:\/\/www.karamantoki.com\/index.php\/wp-json\/wp\/v2\/types\/post"}],"author":[{"embeddable":true,"href":"https:\/\/www.karamantoki.com\/index.php\/wp-json\/wp\/v2\/users\/1"}],"replies":[{"embeddable":true,"href":"https:\/\/www.karamantoki.com\/index.php\/wp-json\/wp\/v2\/comments?post=3187"}],"version-history":[{"count":0,"href":"https:\/\/www.karamantoki.com\/index.php\/wp-json\/wp\/v2\/posts\/3187\/revisions"}],"wp:attachment":[{"href":"https:\/\/www.karamantoki.com\/index.php\/wp-json\/wp\/v2\/media?parent=3187"}],"wp:term":[{"taxonomy":"category","embeddable":true,"href":"https:\/\/www.karamantoki.com\/index.php\/wp-json\/wp\/v2\/categories?post=3187"},{"taxonomy":"post_tag","embeddable":true,"href":"https:\/\/www.karamantoki.com\/index.php\/wp-json\/wp\/v2\/tags?post=3187"}],"curies":[{"name":"wp","href":"https:\/\/api.w.org\/{rel}","templated":true}]}}