{"id":3133,"date":"2025-12-16T19:04:48","date_gmt":"2025-12-16T19:04:48","guid":{"rendered":"https:\/\/www.karamantoki.com\/index.php\/2025\/12\/16\/bakan-kurum-kira-ve-konut-fiyatlarini-dengeleyecegiz\/"},"modified":"2025-12-16T19:04:48","modified_gmt":"2025-12-16T19:04:48","slug":"bakan-kurum-kira-ve-konut-fiyatlarini-dengeleyecegiz","status":"publish","type":"post","link":"https:\/\/www.karamantoki.com\/index.php\/2025\/12\/16\/bakan-kurum-kira-ve-konut-fiyatlarini-dengeleyecegiz\/","title":{"rendered":"Bakan Kurum: Kira ve konut fiyatlar\u0131n\u0131 dengeleyece\u011fiz"},"content":{"rendered":"<p><img decoding=\"async\" src=\"https:\/\/iaahbr.tmgrup.com.tr\/bd1e53\/1200\/675\/0\/0\/585\/328?u=https:\/\/iahbr.tmgrup.com.tr\/2025\/12\/16\/bakan-kurum-1765911416140.jpg\" alt=\"Bakan Kurum: Kira ve konut fiyatlar\u0131n\u0131 dengeleyece\u011fiz\"><br \/>\u00c7evre ve \u015eehircilik ve \u0130klim De\u011fi\u015fikli\u011fi Bakan\u0131 Murat Kurum, TBMM Genel Kurulu&#8217;nda bakanl\u0131\u011f\u0131n 2026 y\u0131l\u0131 b\u00fct\u00e7e teklifine ili\u015fkin sunumunda \u00f6nemli a\u00e7\u0131klamalarda bulundu. Bakan Kurum kira ve konut fiyatlar\u0131n\u0131&#8230;<a href=\"https:\/\/www.ahaber.com.tr\/ekonomi\/2025\/12\/16\/bakan-kurum-kira-ve-konut-fiyatlarini-dengeleyecegiz\">Devam\u0131 i\u00e7in t\u0131klay\u0131n\u0131z<\/a><\/p>\n","protected":false},"excerpt":{"rendered":"<p>\u00c7evre ve \u015eehircilik ve \u0130klim De\u011fi\u015fikli\u011fi Bakan\u0131 Murat Kurum, TBMM Genel Kurulu&#8217;nda bakanl\u0131\u011f\u0131n 2026 y\u0131l\u0131 b\u00fct\u00e7e teklifine ili\u015fkin sunumunda \u00f6nemli a\u00e7\u0131klamalarda bulundu. Bakan Kurum kira ve konut fiyatlar\u0131n\u0131&#8230;Devam\u0131 i\u00e7in t\u0131klay\u0131n\u0131z<\/p>\n","protected":false},"author":1,"featured_media":0,"comment_status":"open","ping_status":"open","sticky":false,"template":"","format":"standard","meta":{"_joinchat":[],"footnotes":""},"categories":[32],"tags":[],"class_list":{"0":"post-3133","1":"post","2":"type-post","3":"status-publish","4":"format-standard","6":"category-ekonomi"},"_links":{"self":[{"href":"https:\/\/www.karamantoki.com\/index.php\/wp-json\/wp\/v2\/posts\/3133","targetHints":{"allow":["GET"]}}],"collection":[{"href":"https:\/\/www.karamantoki.com\/index.php\/wp-json\/wp\/v2\/posts"}],"about":[{"href":"https:\/\/www.karamantoki.com\/index.php\/wp-json\/wp\/v2\/types\/post"}],"author":[{"embeddable":true,"href":"https:\/\/www.karamantoki.com\/index.php\/wp-json\/wp\/v2\/users\/1"}],"replies":[{"embeddable":true,"href":"https:\/\/www.karamantoki.com\/index.php\/wp-json\/wp\/v2\/comments?post=3133"}],"version-history":[{"count":0,"href":"https:\/\/www.karamantoki.com\/index.php\/wp-json\/wp\/v2\/posts\/3133\/revisions"}],"wp:attachment":[{"href":"https:\/\/www.karamantoki.com\/index.php\/wp-json\/wp\/v2\/media?parent=3133"}],"wp:term":[{"taxonomy":"category","embeddable":true,"href":"https:\/\/www.karamantoki.com\/index.php\/wp-json\/wp\/v2\/categories?post=3133"},{"taxonomy":"post_tag","embeddable":true,"href":"https:\/\/www.karamantoki.com\/index.php\/wp-json\/wp\/v2\/tags?post=3133"}],"curies":[{"name":"wp","href":"https:\/\/api.w.org\/{rel}","templated":true}]}}