{"id":3122,"date":"2025-12-16T05:50:46","date_gmt":"2025-12-16T05:50:46","guid":{"rendered":"https:\/\/www.karamantoki.com\/index.php\/2025\/12\/16\/gain-kimin-sahibi-kim-gain-medyaya-neden-operasyon-duzenlendi\/"},"modified":"2025-12-16T05:50:46","modified_gmt":"2025-12-16T05:50:46","slug":"gain-kimin-sahibi-kim-gain-medyaya-neden-operasyon-duzenlendi","status":"publish","type":"post","link":"https:\/\/www.karamantoki.com\/index.php\/2025\/12\/16\/gain-kimin-sahibi-kim-gain-medyaya-neden-operasyon-duzenlendi\/","title":{"rendered":"GA\u0130N kimin, sahibi kim? GA\u0130N Medya&apos;ya neden operasyon d\u00fczenlendi?"},"content":{"rendered":"<p>\u0130stanbul Cumhuriyet Ba\u015fsavc\u0131l\u0131\u011f\u0131&#8217;n\u0131n talimat\u0131yla Anahat Holding&#8217;e ba\u011fl\u0131 \u015firketlere y\u00f6nelik ba\u015flat\u0131lan operasyon, 2025 y\u0131l\u0131 i\u00e7erisinde kamuoyunun g\u00fcndemine ta\u015f\u0131nd\u0131. \u0130stanbul \u0130l Jandarma Komutanl\u0131\u011f\u0131 ekipleri taraf\u0131ndan y\u00fcr\u00fct\u00fclen \u00e7al\u0131\u015fma kapsam\u0131nda, GA\u0130N Medya&#8217;n\u0131n da aralar\u0131nda bulundu\u011fu baz\u0131 \u015firketler operasyon d\u00fczenlendi, 3 ki\u015fi g\u00f6zalt\u0131na al\u0131nd\u0131. Peki, GA\u0130N kimin? GA\u0130N Medya&#8217;n\u0131n sahibi kim? GA\u0130N Medya&#8217;ya neden operasyon d\u00fczenlendi? Operasyona ve \u015firketin b\u00fcnyesine dair detaylar haberimizde!<\/p>\n","protected":false},"excerpt":{"rendered":"<p>\u0130stanbul Cumhuriyet Ba\u015fsavc\u0131l\u0131\u011f\u0131&#8217;n\u0131n talimat\u0131yla Anahat Holding&#8217;e ba\u011fl\u0131 \u015firketlere y\u00f6nelik ba\u015flat\u0131lan operasyon, 2025 y\u0131l\u0131 i\u00e7erisinde kamuoyunun g\u00fcndemine ta\u015f\u0131nd\u0131. \u0130stanbul \u0130l Jandarma Komutanl\u0131\u011f\u0131 ekipleri taraf\u0131ndan y\u00fcr\u00fct\u00fclen \u00e7al\u0131\u015fma kapsam\u0131nda, GA\u0130N Medya&#8217;n\u0131n da aralar\u0131nda bulundu\u011fu baz\u0131 \u015firketler operasyon d\u00fczenlendi, 3 ki\u015fi g\u00f6zalt\u0131na al\u0131nd\u0131. Peki, GA\u0130N kimin? GA\u0130N Medya&#8217;n\u0131n sahibi kim? GA\u0130N Medya&#8217;ya neden operasyon d\u00fczenlendi? Operasyona ve \u015firketin b\u00fcnyesine [&hellip;]<\/p>\n","protected":false},"author":1,"featured_media":0,"comment_status":"open","ping_status":"open","sticky":false,"template":"","format":"standard","meta":{"_joinchat":[],"footnotes":""},"categories":[1],"tags":[],"class_list":{"0":"post-3122","1":"post","2":"type-post","3":"status-publish","4":"format-standard","6":"category-toki"},"_links":{"self":[{"href":"https:\/\/www.karamantoki.com\/index.php\/wp-json\/wp\/v2\/posts\/3122","targetHints":{"allow":["GET"]}}],"collection":[{"href":"https:\/\/www.karamantoki.com\/index.php\/wp-json\/wp\/v2\/posts"}],"about":[{"href":"https:\/\/www.karamantoki.com\/index.php\/wp-json\/wp\/v2\/types\/post"}],"author":[{"embeddable":true,"href":"https:\/\/www.karamantoki.com\/index.php\/wp-json\/wp\/v2\/users\/1"}],"replies":[{"embeddable":true,"href":"https:\/\/www.karamantoki.com\/index.php\/wp-json\/wp\/v2\/comments?post=3122"}],"version-history":[{"count":0,"href":"https:\/\/www.karamantoki.com\/index.php\/wp-json\/wp\/v2\/posts\/3122\/revisions"}],"wp:attachment":[{"href":"https:\/\/www.karamantoki.com\/index.php\/wp-json\/wp\/v2\/media?parent=3122"}],"wp:term":[{"taxonomy":"category","embeddable":true,"href":"https:\/\/www.karamantoki.com\/index.php\/wp-json\/wp\/v2\/categories?post=3122"},{"taxonomy":"post_tag","embeddable":true,"href":"https:\/\/www.karamantoki.com\/index.php\/wp-json\/wp\/v2\/tags?post=3122"}],"curies":[{"name":"wp","href":"https:\/\/api.w.org\/{rel}","templated":true}]}}