{"id":2947,"date":"2025-12-08T06:50:59","date_gmt":"2025-12-08T06:50:59","guid":{"rendered":"https:\/\/www.karamantoki.com\/index.php\/2025\/12\/08\/trabzonspordan-irfan-can-kahveci-bombasi\/"},"modified":"2025-12-08T06:50:59","modified_gmt":"2025-12-08T06:50:59","slug":"trabzonspordan-irfan-can-kahveci-bombasi","status":"publish","type":"post","link":"https:\/\/www.karamantoki.com\/index.php\/2025\/12\/08\/trabzonspordan-irfan-can-kahveci-bombasi\/","title":{"rendered":"Trabzonspor&apos;dan \u0130rfan Can Kahveci bombas\u0131"},"content":{"rendered":"<p>S\u00fcper Lig&#8217;de zirve yar\u0131\u015f\u0131n\u0131n k\u0131z\u0131\u015ft\u0131\u011f\u0131 d\u00f6nemde Trabzonspor, kadrosunu g\u00fc\u00e7lendirmek i\u00e7in \u00f6nemli bir hamleye haz\u0131rlan\u0131yor. Fenerbah\u00e7e&#8217;de kadro d\u0131\u015f\u0131 kalan \u0130rfan Can i\u00e7in Bordo-Mavililerin harekete ge\u00e7ece\u011fi \u00f6\u011frenildi. Teknik direkt\u00f6r Fatih Tekke&#8217;nin milli futbolcuyu tak\u0131m\u0131nda g\u00f6rmeyi \u00e7ok istedi\u011fi ve bu transfer i\u00e7in y\u00f6netime rapor sundu\u011fu belirtildi. Ba\u015fkan Ertu\u011frul Do\u011fan&#8217;\u0131n da transfere s\u0131cak bakt\u0131\u011f\u0131 ve k\u0131sa s\u00fcre i\u00e7inde Fenerbah\u00e7e ile resmi temaslar\u0131n ba\u015flat\u0131lmas\u0131n\u0131n planland\u0131\u011f\u0131 ifade ediliyor.<\/p>\n","protected":false},"excerpt":{"rendered":"<p>S\u00fcper Lig&#8217;de zirve yar\u0131\u015f\u0131n\u0131n k\u0131z\u0131\u015ft\u0131\u011f\u0131 d\u00f6nemde Trabzonspor, kadrosunu g\u00fc\u00e7lendirmek i\u00e7in \u00f6nemli bir hamleye haz\u0131rlan\u0131yor. Fenerbah\u00e7e&#8217;de kadro d\u0131\u015f\u0131 kalan \u0130rfan Can i\u00e7in Bordo-Mavililerin harekete ge\u00e7ece\u011fi \u00f6\u011frenildi. Teknik direkt\u00f6r Fatih Tekke&#8217;nin milli futbolcuyu tak\u0131m\u0131nda g\u00f6rmeyi \u00e7ok istedi\u011fi ve bu transfer i\u00e7in y\u00f6netime rapor sundu\u011fu belirtildi. Ba\u015fkan Ertu\u011frul Do\u011fan&#8217;\u0131n da transfere s\u0131cak bakt\u0131\u011f\u0131 ve k\u0131sa s\u00fcre i\u00e7inde Fenerbah\u00e7e [&hellip;]<\/p>\n","protected":false},"author":1,"featured_media":0,"comment_status":"open","ping_status":"open","sticky":false,"template":"","format":"standard","meta":{"_joinchat":[],"footnotes":""},"categories":[1],"tags":[],"class_list":{"0":"post-2947","1":"post","2":"type-post","3":"status-publish","4":"format-standard","6":"category-toki"},"_links":{"self":[{"href":"https:\/\/www.karamantoki.com\/index.php\/wp-json\/wp\/v2\/posts\/2947","targetHints":{"allow":["GET"]}}],"collection":[{"href":"https:\/\/www.karamantoki.com\/index.php\/wp-json\/wp\/v2\/posts"}],"about":[{"href":"https:\/\/www.karamantoki.com\/index.php\/wp-json\/wp\/v2\/types\/post"}],"author":[{"embeddable":true,"href":"https:\/\/www.karamantoki.com\/index.php\/wp-json\/wp\/v2\/users\/1"}],"replies":[{"embeddable":true,"href":"https:\/\/www.karamantoki.com\/index.php\/wp-json\/wp\/v2\/comments?post=2947"}],"version-history":[{"count":0,"href":"https:\/\/www.karamantoki.com\/index.php\/wp-json\/wp\/v2\/posts\/2947\/revisions"}],"wp:attachment":[{"href":"https:\/\/www.karamantoki.com\/index.php\/wp-json\/wp\/v2\/media?parent=2947"}],"wp:term":[{"taxonomy":"category","embeddable":true,"href":"https:\/\/www.karamantoki.com\/index.php\/wp-json\/wp\/v2\/categories?post=2947"},{"taxonomy":"post_tag","embeddable":true,"href":"https:\/\/www.karamantoki.com\/index.php\/wp-json\/wp\/v2\/tags?post=2947"}],"curies":[{"name":"wp","href":"https:\/\/api.w.org\/{rel}","templated":true}]}}