{"id":2945,"date":"2025-12-08T06:50:59","date_gmt":"2025-12-08T06:50:59","guid":{"rendered":"https:\/\/www.karamantoki.com\/index.php\/2025\/12\/08\/vanin-2-ilcesinde-11-yerlesim-yeri-kar-nedeniyle-ulasima-kapandi\/"},"modified":"2025-12-08T06:50:59","modified_gmt":"2025-12-08T06:50:59","slug":"vanin-2-ilcesinde-11-yerlesim-yeri-kar-nedeniyle-ulasima-kapandi","status":"publish","type":"post","link":"https:\/\/www.karamantoki.com\/index.php\/2025\/12\/08\/vanin-2-ilcesinde-11-yerlesim-yeri-kar-nedeniyle-ulasima-kapandi\/","title":{"rendered":"Van&apos;\u0131n 2 il\u00e7esinde 11 yerle\u015fim yeri kar nedeniyle ula\u015f\u0131ma kapand\u0131"},"content":{"rendered":"<p>VAN&#8217;da etkili olan kar ya\u011f\u0131\u015f\u0131, Ba\u015fkale ve Bah\u00e7esaray il\u00e7elerine ba\u011fl\u0131 11 yerle\u015fim yerinin yolu ula\u015f\u0131ma kapatt\u0131. Kar kal\u0131nl\u0131\u011f\u0131 il\u00e7e merkezinde 10, y\u00fcksek kesimlerde 20 santimetreye ula\u015ft\u0131. Kapanan yollar\u0131n a\u00e7\u0131lmas\u0131 i\u00e7in \u00e7al\u0131\u015fma ba\u015flat\u0131ld\u0131. Esnaf, i\u015f yerlerinin \u00f6n\u00fcndeki karlar\u0131 k\u00fcreklerle temizledi. \u0130l\u00e7e merkezinde kar temizleme \u00e7al\u0131\u015fmas\u0131 ba\u015flat\u0131ld\u0131. Ferit Mamedi, su sorunu ya\u015fanan T\u00fcrkiye&#8217;de kar ya\u011f\u0131\u015f\u0131n\u0131n sevindirici oldu\u011funu belirtti.<\/p>\n","protected":false},"excerpt":{"rendered":"<p>VAN&#8217;da etkili olan kar ya\u011f\u0131\u015f\u0131, Ba\u015fkale ve Bah\u00e7esaray il\u00e7elerine ba\u011fl\u0131 11 yerle\u015fim yerinin yolu ula\u015f\u0131ma kapatt\u0131. Kar kal\u0131nl\u0131\u011f\u0131 il\u00e7e merkezinde 10, y\u00fcksek kesimlerde 20 santimetreye ula\u015ft\u0131. Kapanan yollar\u0131n a\u00e7\u0131lmas\u0131 i\u00e7in \u00e7al\u0131\u015fma ba\u015flat\u0131ld\u0131. Esnaf, i\u015f yerlerinin \u00f6n\u00fcndeki karlar\u0131 k\u00fcreklerle temizledi. \u0130l\u00e7e merkezinde kar temizleme \u00e7al\u0131\u015fmas\u0131 ba\u015flat\u0131ld\u0131. Ferit Mamedi, su sorunu ya\u015fanan T\u00fcrkiye&#8217;de kar ya\u011f\u0131\u015f\u0131n\u0131n sevindirici oldu\u011funu [&hellip;]<\/p>\n","protected":false},"author":1,"featured_media":0,"comment_status":"open","ping_status":"open","sticky":false,"template":"","format":"standard","meta":{"_joinchat":[],"footnotes":""},"categories":[1],"tags":[],"class_list":{"0":"post-2945","1":"post","2":"type-post","3":"status-publish","4":"format-standard","6":"category-toki"},"_links":{"self":[{"href":"https:\/\/www.karamantoki.com\/index.php\/wp-json\/wp\/v2\/posts\/2945","targetHints":{"allow":["GET"]}}],"collection":[{"href":"https:\/\/www.karamantoki.com\/index.php\/wp-json\/wp\/v2\/posts"}],"about":[{"href":"https:\/\/www.karamantoki.com\/index.php\/wp-json\/wp\/v2\/types\/post"}],"author":[{"embeddable":true,"href":"https:\/\/www.karamantoki.com\/index.php\/wp-json\/wp\/v2\/users\/1"}],"replies":[{"embeddable":true,"href":"https:\/\/www.karamantoki.com\/index.php\/wp-json\/wp\/v2\/comments?post=2945"}],"version-history":[{"count":0,"href":"https:\/\/www.karamantoki.com\/index.php\/wp-json\/wp\/v2\/posts\/2945\/revisions"}],"wp:attachment":[{"href":"https:\/\/www.karamantoki.com\/index.php\/wp-json\/wp\/v2\/media?parent=2945"}],"wp:term":[{"taxonomy":"category","embeddable":true,"href":"https:\/\/www.karamantoki.com\/index.php\/wp-json\/wp\/v2\/categories?post=2945"},{"taxonomy":"post_tag","embeddable":true,"href":"https:\/\/www.karamantoki.com\/index.php\/wp-json\/wp\/v2\/tags?post=2945"}],"curies":[{"name":"wp","href":"https:\/\/api.w.org\/{rel}","templated":true}]}}