{"id":2942,"date":"2025-12-08T04:53:58","date_gmt":"2025-12-08T04:53:58","guid":{"rendered":"https:\/\/www.karamantoki.com\/index.php\/2025\/12\/08\/korkulan-oldu-hastaligin-yayildigi-sehrimizde-11-mahalle-karantina-altina-alindi\/"},"modified":"2025-12-08T04:53:58","modified_gmt":"2025-12-08T04:53:58","slug":"korkulan-oldu-hastaligin-yayildigi-sehrimizde-11-mahalle-karantina-altina-alindi","status":"publish","type":"post","link":"https:\/\/www.karamantoki.com\/index.php\/2025\/12\/08\/korkulan-oldu-hastaligin-yayildigi-sehrimizde-11-mahalle-karantina-altina-alindi\/","title":{"rendered":"Korkulan oldu! Hastal\u0131\u011f\u0131n yay\u0131ld\u0131\u011f\u0131 \u015fehrimizde 11 mahalle karantina alt\u0131na al\u0131nd\u0131"},"content":{"rendered":"<p>T\u00fcrkiye&#8217;de b\u00fcy\u00fck bir sorun haline gelmeye ba\u015flayan \u015fap hastal\u0131\u011f\u0131 yay\u0131lmaya devam ediyor. Mu\u011fla&#8217;n\u0131n Milas il\u00e7esinde bir b\u00fcy\u00fckba\u015f i\u015fletmesinde belirlenen \u015fap hastal\u0131\u011f\u0131 sonras\u0131nda 11 mahallede karantina ba\u015flat\u0131ld\u0131. Kemikler Mahallesi &#8220;koruma b\u00f6lgesi&#8221; ilan edilirken, karantina al\u0131nan mahallelere 30 g\u00fcn boyunca b\u00fcy\u00fckba\u015f ve k\u00fc\u00e7\u00fckba\u015f hayvanlar\u0131n giri\u015f ve \u00e7\u0131k\u0131\u015f\u0131na izin verilmeyecek. \u00d6te yandan b\u00f6lge genelinde binlerce hayvana \u015fap a\u015f\u0131s\u0131 uyguland\u0131.<\/p>\n","protected":false},"excerpt":{"rendered":"<p>T\u00fcrkiye&#8217;de b\u00fcy\u00fck bir sorun haline gelmeye ba\u015flayan \u015fap hastal\u0131\u011f\u0131 yay\u0131lmaya devam ediyor. Mu\u011fla&#8217;n\u0131n Milas il\u00e7esinde bir b\u00fcy\u00fckba\u015f i\u015fletmesinde belirlenen \u015fap hastal\u0131\u011f\u0131 sonras\u0131nda 11 mahallede karantina ba\u015flat\u0131ld\u0131. Kemikler Mahallesi &#8220;koruma b\u00f6lgesi&#8221; ilan edilirken, karantina al\u0131nan mahallelere 30 g\u00fcn boyunca b\u00fcy\u00fckba\u015f ve k\u00fc\u00e7\u00fckba\u015f hayvanlar\u0131n giri\u015f ve \u00e7\u0131k\u0131\u015f\u0131na izin verilmeyecek. \u00d6te yandan b\u00f6lge genelinde binlerce hayvana \u015fap a\u015f\u0131s\u0131 [&hellip;]<\/p>\n","protected":false},"author":1,"featured_media":0,"comment_status":"open","ping_status":"open","sticky":false,"template":"","format":"standard","meta":{"_joinchat":[],"footnotes":""},"categories":[1],"tags":[],"class_list":{"0":"post-2942","1":"post","2":"type-post","3":"status-publish","4":"format-standard","6":"category-toki"},"_links":{"self":[{"href":"https:\/\/www.karamantoki.com\/index.php\/wp-json\/wp\/v2\/posts\/2942","targetHints":{"allow":["GET"]}}],"collection":[{"href":"https:\/\/www.karamantoki.com\/index.php\/wp-json\/wp\/v2\/posts"}],"about":[{"href":"https:\/\/www.karamantoki.com\/index.php\/wp-json\/wp\/v2\/types\/post"}],"author":[{"embeddable":true,"href":"https:\/\/www.karamantoki.com\/index.php\/wp-json\/wp\/v2\/users\/1"}],"replies":[{"embeddable":true,"href":"https:\/\/www.karamantoki.com\/index.php\/wp-json\/wp\/v2\/comments?post=2942"}],"version-history":[{"count":0,"href":"https:\/\/www.karamantoki.com\/index.php\/wp-json\/wp\/v2\/posts\/2942\/revisions"}],"wp:attachment":[{"href":"https:\/\/www.karamantoki.com\/index.php\/wp-json\/wp\/v2\/media?parent=2942"}],"wp:term":[{"taxonomy":"category","embeddable":true,"href":"https:\/\/www.karamantoki.com\/index.php\/wp-json\/wp\/v2\/categories?post=2942"},{"taxonomy":"post_tag","embeddable":true,"href":"https:\/\/www.karamantoki.com\/index.php\/wp-json\/wp\/v2\/tags?post=2942"}],"curies":[{"name":"wp","href":"https:\/\/api.w.org\/{rel}","templated":true}]}}