{"id":2903,"date":"2025-12-07T22:50:51","date_gmt":"2025-12-07T22:50:51","guid":{"rendered":"https:\/\/www.karamantoki.com\/index.php\/2025\/12\/07\/netanyahu-suriyede-isgal-ettikleri-bolgelerden-cikmayacaklarini-belirtti\/"},"modified":"2025-12-07T22:50:51","modified_gmt":"2025-12-07T22:50:51","slug":"netanyahu-suriyede-isgal-ettikleri-bolgelerden-cikmayacaklarini-belirtti","status":"publish","type":"post","link":"https:\/\/www.karamantoki.com\/index.php\/2025\/12\/07\/netanyahu-suriyede-isgal-ettikleri-bolgelerden-cikmayacaklarini-belirtti\/","title":{"rendered":"Netanyahu, Suriye&apos;de i\u015fgal ettikleri b\u00f6lgelerden \u00e7\u0131kmayacaklar\u0131n\u0131 belirtti"},"content":{"rendered":"<p>\u0130srail Ba\u015fbakan\u0131 Binyamin Netanyahu, Suriye&#8217;nin g\u00fcneyinde i\u015fgal ettikleri topraklardan \u00e7ekilmeyeceklerini s\u00f6yledi. Baas rejiminin devrilmesi sonras\u0131nda bu b\u00f6lgeleri korumay\u0131 ama\u00e7lad\u0131klar\u0131n\u0131 belirtti. Suriye D\u0131\u015fi\u015fleri Bakan\u0131 ise, \u0130srail&#8217;in geri \u00e7ekilmeden bir anla\u015fma olmayaca\u011f\u0131n\u0131 ifade etti.<\/p>\n","protected":false},"excerpt":{"rendered":"<p>\u0130srail Ba\u015fbakan\u0131 Binyamin Netanyahu, Suriye&#8217;nin g\u00fcneyinde i\u015fgal ettikleri topraklardan \u00e7ekilmeyeceklerini s\u00f6yledi. Baas rejiminin devrilmesi sonras\u0131nda bu b\u00f6lgeleri korumay\u0131 ama\u00e7lad\u0131klar\u0131n\u0131 belirtti. Suriye D\u0131\u015fi\u015fleri Bakan\u0131 ise, \u0130srail&#8217;in geri \u00e7ekilmeden bir anla\u015fma olmayaca\u011f\u0131n\u0131 ifade etti.<\/p>\n","protected":false},"author":1,"featured_media":0,"comment_status":"open","ping_status":"open","sticky":false,"template":"","format":"standard","meta":{"_joinchat":[],"footnotes":""},"categories":[1],"tags":[],"class_list":{"0":"post-2903","1":"post","2":"type-post","3":"status-publish","4":"format-standard","6":"category-toki"},"_links":{"self":[{"href":"https:\/\/www.karamantoki.com\/index.php\/wp-json\/wp\/v2\/posts\/2903","targetHints":{"allow":["GET"]}}],"collection":[{"href":"https:\/\/www.karamantoki.com\/index.php\/wp-json\/wp\/v2\/posts"}],"about":[{"href":"https:\/\/www.karamantoki.com\/index.php\/wp-json\/wp\/v2\/types\/post"}],"author":[{"embeddable":true,"href":"https:\/\/www.karamantoki.com\/index.php\/wp-json\/wp\/v2\/users\/1"}],"replies":[{"embeddable":true,"href":"https:\/\/www.karamantoki.com\/index.php\/wp-json\/wp\/v2\/comments?post=2903"}],"version-history":[{"count":0,"href":"https:\/\/www.karamantoki.com\/index.php\/wp-json\/wp\/v2\/posts\/2903\/revisions"}],"wp:attachment":[{"href":"https:\/\/www.karamantoki.com\/index.php\/wp-json\/wp\/v2\/media?parent=2903"}],"wp:term":[{"taxonomy":"category","embeddable":true,"href":"https:\/\/www.karamantoki.com\/index.php\/wp-json\/wp\/v2\/categories?post=2903"},{"taxonomy":"post_tag","embeddable":true,"href":"https:\/\/www.karamantoki.com\/index.php\/wp-json\/wp\/v2\/tags?post=2903"}],"curies":[{"name":"wp","href":"https:\/\/api.w.org\/{rel}","templated":true}]}}