{"id":2882,"date":"2025-12-07T19:51:16","date_gmt":"2025-12-07T19:51:16","guid":{"rendered":"https:\/\/www.karamantoki.com\/index.php\/2025\/12\/07\/vanda-4-6-buyuklugunde-deprem\/"},"modified":"2025-12-07T19:51:16","modified_gmt":"2025-12-07T19:51:16","slug":"vanda-4-6-buyuklugunde-deprem","status":"publish","type":"post","link":"https:\/\/www.karamantoki.com\/index.php\/2025\/12\/07\/vanda-4-6-buyuklugunde-deprem\/","title":{"rendered":"Van&apos;da 4.6 b\u00fcy\u00fckl\u00fc\u011f\u00fcnde deprem"},"content":{"rendered":"<p>Van&#8217;\u0131n Tu\u015fba il\u00e7esinde 4.6 b\u00fcy\u00fckl\u00fc\u011f\u00fcnde deprem meydana geldi. Sars\u0131nt\u0131 Bitlis, Siirt ve \u015e\u0131rnak gibi \u00e7evre illerde de hissedildi. AFAD, k\u0131sa s\u00fcreli pani\u011fe neden olan depremin ard\u0131ndan olumsuz bir durumun bulunmad\u0131\u011f\u0131n\u0131 ve saha tarama \u00e7al\u0131\u015fmalar\u0131n\u0131n s\u00fcrd\u00fc\u011f\u00fcn\u00fc a\u00e7\u0131klad\u0131.<\/p>\n","protected":false},"excerpt":{"rendered":"<p>Van&#8217;\u0131n Tu\u015fba il\u00e7esinde 4.6 b\u00fcy\u00fckl\u00fc\u011f\u00fcnde deprem meydana geldi. Sars\u0131nt\u0131 Bitlis, Siirt ve \u015e\u0131rnak gibi \u00e7evre illerde de hissedildi. AFAD, k\u0131sa s\u00fcreli pani\u011fe neden olan depremin ard\u0131ndan olumsuz bir durumun bulunmad\u0131\u011f\u0131n\u0131 ve saha tarama \u00e7al\u0131\u015fmalar\u0131n\u0131n s\u00fcrd\u00fc\u011f\u00fcn\u00fc a\u00e7\u0131klad\u0131.<\/p>\n","protected":false},"author":1,"featured_media":0,"comment_status":"open","ping_status":"open","sticky":false,"template":"","format":"standard","meta":{"_joinchat":[],"footnotes":""},"categories":[1],"tags":[],"class_list":{"0":"post-2882","1":"post","2":"type-post","3":"status-publish","4":"format-standard","6":"category-toki"},"_links":{"self":[{"href":"https:\/\/www.karamantoki.com\/index.php\/wp-json\/wp\/v2\/posts\/2882","targetHints":{"allow":["GET"]}}],"collection":[{"href":"https:\/\/www.karamantoki.com\/index.php\/wp-json\/wp\/v2\/posts"}],"about":[{"href":"https:\/\/www.karamantoki.com\/index.php\/wp-json\/wp\/v2\/types\/post"}],"author":[{"embeddable":true,"href":"https:\/\/www.karamantoki.com\/index.php\/wp-json\/wp\/v2\/users\/1"}],"replies":[{"embeddable":true,"href":"https:\/\/www.karamantoki.com\/index.php\/wp-json\/wp\/v2\/comments?post=2882"}],"version-history":[{"count":0,"href":"https:\/\/www.karamantoki.com\/index.php\/wp-json\/wp\/v2\/posts\/2882\/revisions"}],"wp:attachment":[{"href":"https:\/\/www.karamantoki.com\/index.php\/wp-json\/wp\/v2\/media?parent=2882"}],"wp:term":[{"taxonomy":"category","embeddable":true,"href":"https:\/\/www.karamantoki.com\/index.php\/wp-json\/wp\/v2\/categories?post=2882"},{"taxonomy":"post_tag","embeddable":true,"href":"https:\/\/www.karamantoki.com\/index.php\/wp-json\/wp\/v2\/tags?post=2882"}],"curies":[{"name":"wp","href":"https:\/\/api.w.org\/{rel}","templated":true}]}}