{"id":2856,"date":"2025-12-07T15:53:09","date_gmt":"2025-12-07T15:53:09","guid":{"rendered":"https:\/\/www.karamantoki.com\/index.php\/2025\/12\/07\/serdar-ortac-oldu-mu-yasiyor-mu-serdar-ortacin-hastaligi-nedir\/"},"modified":"2025-12-07T15:53:09","modified_gmt":"2025-12-07T15:53:09","slug":"serdar-ortac-oldu-mu-yasiyor-mu-serdar-ortacin-hastaligi-nedir","status":"publish","type":"post","link":"https:\/\/www.karamantoki.com\/index.php\/2025\/12\/07\/serdar-ortac-oldu-mu-yasiyor-mu-serdar-ortacin-hastaligi-nedir\/","title":{"rendered":"Serdar Orta\u00e7 \u00f6ld\u00fc m\u00fc, ya\u015f\u0131yor mu? Serdar Orta\u00e7&apos;\u0131n hastal\u0131\u011f\u0131 nedir?"},"content":{"rendered":"<p>Serdar Orta\u00e7&#8217;\u0131n sa\u011fl\u0131k durumuyla ilgili sosyal medyada ortaya at\u0131lan iddialar yeniden g\u00fcndemi me\u015fgul etti. \u00dcnl\u00fc sanat\u00e7\u0131 hakk\u0131nda zaman zaman &#8220;\u00f6ld\u00fc&#8221; y\u00f6n\u00fcnde as\u0131ls\u0131z payla\u015f\u0131mlar yap\u0131lsa da, hayranlar\u0131 ger\u00e7e\u011fin ne oldu\u011funu merak ediyor. Peki, Serdar Orta\u00e7 \u00f6ld\u00fc m\u00fc, ya\u015f\u0131yor mu? Serdar Orta\u00e7&#8217;\u0131n hastal\u0131\u011f\u0131 nedir?<\/p>\n","protected":false},"excerpt":{"rendered":"<p>Serdar Orta\u00e7&#8217;\u0131n sa\u011fl\u0131k durumuyla ilgili sosyal medyada ortaya at\u0131lan iddialar yeniden g\u00fcndemi me\u015fgul etti. \u00dcnl\u00fc sanat\u00e7\u0131 hakk\u0131nda zaman zaman &#8220;\u00f6ld\u00fc&#8221; y\u00f6n\u00fcnde as\u0131ls\u0131z payla\u015f\u0131mlar yap\u0131lsa da, hayranlar\u0131 ger\u00e7e\u011fin ne oldu\u011funu merak ediyor. Peki, Serdar Orta\u00e7 \u00f6ld\u00fc m\u00fc, ya\u015f\u0131yor mu? Serdar Orta\u00e7&#8217;\u0131n hastal\u0131\u011f\u0131 nedir?<\/p>\n","protected":false},"author":1,"featured_media":0,"comment_status":"open","ping_status":"open","sticky":false,"template":"","format":"standard","meta":{"_joinchat":[],"footnotes":""},"categories":[1],"tags":[],"class_list":{"0":"post-2856","1":"post","2":"type-post","3":"status-publish","4":"format-standard","6":"category-toki"},"_links":{"self":[{"href":"https:\/\/www.karamantoki.com\/index.php\/wp-json\/wp\/v2\/posts\/2856","targetHints":{"allow":["GET"]}}],"collection":[{"href":"https:\/\/www.karamantoki.com\/index.php\/wp-json\/wp\/v2\/posts"}],"about":[{"href":"https:\/\/www.karamantoki.com\/index.php\/wp-json\/wp\/v2\/types\/post"}],"author":[{"embeddable":true,"href":"https:\/\/www.karamantoki.com\/index.php\/wp-json\/wp\/v2\/users\/1"}],"replies":[{"embeddable":true,"href":"https:\/\/www.karamantoki.com\/index.php\/wp-json\/wp\/v2\/comments?post=2856"}],"version-history":[{"count":0,"href":"https:\/\/www.karamantoki.com\/index.php\/wp-json\/wp\/v2\/posts\/2856\/revisions"}],"wp:attachment":[{"href":"https:\/\/www.karamantoki.com\/index.php\/wp-json\/wp\/v2\/media?parent=2856"}],"wp:term":[{"taxonomy":"category","embeddable":true,"href":"https:\/\/www.karamantoki.com\/index.php\/wp-json\/wp\/v2\/categories?post=2856"},{"taxonomy":"post_tag","embeddable":true,"href":"https:\/\/www.karamantoki.com\/index.php\/wp-json\/wp\/v2\/tags?post=2856"}],"curies":[{"name":"wp","href":"https:\/\/api.w.org\/{rel}","templated":true}]}}