{"id":2851,"date":"2025-12-07T14:50:49","date_gmt":"2025-12-07T14:50:49","guid":{"rendered":"https:\/\/www.karamantoki.com\/index.php\/2025\/12\/07\/volkan-demirel-ayrilma-kararini-dun-aldim-ama-takimi-yalniz-birakmamak-adina-aciklamadim\/"},"modified":"2025-12-07T14:50:49","modified_gmt":"2025-12-07T14:50:49","slug":"volkan-demirel-ayrilma-kararini-dun-aldim-ama-takimi-yalniz-birakmamak-adina-aciklamadim","status":"publish","type":"post","link":"https:\/\/www.karamantoki.com\/index.php\/2025\/12\/07\/volkan-demirel-ayrilma-kararini-dun-aldim-ama-takimi-yalniz-birakmamak-adina-aciklamadim\/","title":{"rendered":"Volkan Demirel: &quot;Ayr\u0131lma karar\u0131n\u0131 d\u00fcn ald\u0131m ama tak\u0131m\u0131 yaln\u0131z b\u0131rakmamak ad\u0131na a\u00e7\u0131klamad\u0131m&quot;"},"content":{"rendered":"<p>Gen\u00e7lerbirli\u011fi Teknik Direkt\u00f6r\u00fc Volkan Demirel, Fatih Karag\u00fcmr\u00fck ma\u00e7\u0131 sonras\u0131 g\u00f6revinden ayr\u0131ld\u0131\u011f\u0131n\u0131 duyurdu. Ayr\u0131l\u0131\u015f sebebini herkesin anlayamayaca\u011f\u0131n\u0131 belirten Demirel, tak\u0131m\u0131 yaln\u0131z b\u0131rakmamak ad\u0131na bu karar\u0131 \u00f6nceden a\u00e7\u0131klad\u0131\u011f\u0131n\u0131 ifade etti.<\/p>\n","protected":false},"excerpt":{"rendered":"<p>Gen\u00e7lerbirli\u011fi Teknik Direkt\u00f6r\u00fc Volkan Demirel, Fatih Karag\u00fcmr\u00fck ma\u00e7\u0131 sonras\u0131 g\u00f6revinden ayr\u0131ld\u0131\u011f\u0131n\u0131 duyurdu. Ayr\u0131l\u0131\u015f sebebini herkesin anlayamayaca\u011f\u0131n\u0131 belirten Demirel, tak\u0131m\u0131 yaln\u0131z b\u0131rakmamak ad\u0131na bu karar\u0131 \u00f6nceden a\u00e7\u0131klad\u0131\u011f\u0131n\u0131 ifade etti.<\/p>\n","protected":false},"author":1,"featured_media":0,"comment_status":"open","ping_status":"open","sticky":false,"template":"","format":"standard","meta":{"_joinchat":[],"footnotes":""},"categories":[1],"tags":[],"class_list":{"0":"post-2851","1":"post","2":"type-post","3":"status-publish","4":"format-standard","6":"category-toki"},"_links":{"self":[{"href":"https:\/\/www.karamantoki.com\/index.php\/wp-json\/wp\/v2\/posts\/2851","targetHints":{"allow":["GET"]}}],"collection":[{"href":"https:\/\/www.karamantoki.com\/index.php\/wp-json\/wp\/v2\/posts"}],"about":[{"href":"https:\/\/www.karamantoki.com\/index.php\/wp-json\/wp\/v2\/types\/post"}],"author":[{"embeddable":true,"href":"https:\/\/www.karamantoki.com\/index.php\/wp-json\/wp\/v2\/users\/1"}],"replies":[{"embeddable":true,"href":"https:\/\/www.karamantoki.com\/index.php\/wp-json\/wp\/v2\/comments?post=2851"}],"version-history":[{"count":0,"href":"https:\/\/www.karamantoki.com\/index.php\/wp-json\/wp\/v2\/posts\/2851\/revisions"}],"wp:attachment":[{"href":"https:\/\/www.karamantoki.com\/index.php\/wp-json\/wp\/v2\/media?parent=2851"}],"wp:term":[{"taxonomy":"category","embeddable":true,"href":"https:\/\/www.karamantoki.com\/index.php\/wp-json\/wp\/v2\/categories?post=2851"},{"taxonomy":"post_tag","embeddable":true,"href":"https:\/\/www.karamantoki.com\/index.php\/wp-json\/wp\/v2\/tags?post=2851"}],"curies":[{"name":"wp","href":"https:\/\/api.w.org\/{rel}","templated":true}]}}