{"id":2831,"date":"2025-12-07T11:50:13","date_gmt":"2025-12-07T11:50:13","guid":{"rendered":"https:\/\/www.karamantoki.com\/index.php\/2025\/12\/07\/uskudarda-hayrete-dusuren-goruntu-binlercesi-kiyiya-vurdu\/"},"modified":"2025-12-07T11:50:13","modified_gmt":"2025-12-07T11:50:13","slug":"uskudarda-hayrete-dusuren-goruntu-binlercesi-kiyiya-vurdu","status":"publish","type":"post","link":"https:\/\/www.karamantoki.com\/index.php\/2025\/12\/07\/uskudarda-hayrete-dusuren-goruntu-binlercesi-kiyiya-vurdu\/","title":{"rendered":"\u00dcsk\u00fcdar&apos;da hayrete d\u00fc\u015f\u00fcren g\u00f6r\u00fcnt\u00fc: Binlercesi k\u0131y\u0131ya vurdu"},"content":{"rendered":"<p>\u00dcsk\u00fcdar&#8217;da bulunan Kuleli sahilinde deniz y\u00fczeyi, denizanalar\u0131 ve evsel at\u0131klarla kapland\u0131. Sahildeki plastik at\u0131klar ve \u00e7\u00f6pler, \u00e7evre kirlili\u011fine neden oldu. Vatanda\u015flar, g\u00f6r\u00fcnt\u00fc kirlili\u011finden \u015fikayet\u00e7i olup, yetkililere temizlik \u00e7al\u0131\u015fmalar\u0131n\u0131 art\u0131rmalar\u0131 konusunda \u00e7a\u011fr\u0131da bulundu. B\u00f6lge sakinleri, bu durumun normal olmad\u0131\u011f\u0131n\u0131 ve deniz kirlili\u011fi ile insanlar\u0131n duyars\u0131zl\u0131\u011f\u0131ndan kaynakland\u0131\u011f\u0131n\u0131 belirtti. Bu durum, Marmara Denizi&#8217;nde ya\u015fanan m\u00fcsilaj sorununu da ak\u0131llara getirdi.<\/p>\n","protected":false},"excerpt":{"rendered":"<p>\u00dcsk\u00fcdar&#8217;da bulunan Kuleli sahilinde deniz y\u00fczeyi, denizanalar\u0131 ve evsel at\u0131klarla kapland\u0131. Sahildeki plastik at\u0131klar ve \u00e7\u00f6pler, \u00e7evre kirlili\u011fine neden oldu. Vatanda\u015flar, g\u00f6r\u00fcnt\u00fc kirlili\u011finden \u015fikayet\u00e7i olup, yetkililere temizlik \u00e7al\u0131\u015fmalar\u0131n\u0131 art\u0131rmalar\u0131 konusunda \u00e7a\u011fr\u0131da bulundu. B\u00f6lge sakinleri, bu durumun normal olmad\u0131\u011f\u0131n\u0131 ve deniz kirlili\u011fi ile insanlar\u0131n duyars\u0131zl\u0131\u011f\u0131ndan kaynakland\u0131\u011f\u0131n\u0131 belirtti. Bu durum, Marmara Denizi&#8217;nde ya\u015fanan m\u00fcsilaj sorununu da ak\u0131llara [&hellip;]<\/p>\n","protected":false},"author":1,"featured_media":0,"comment_status":"open","ping_status":"open","sticky":false,"template":"","format":"standard","meta":{"_joinchat":[],"footnotes":""},"categories":[1],"tags":[],"class_list":{"0":"post-2831","1":"post","2":"type-post","3":"status-publish","4":"format-standard","6":"category-toki"},"_links":{"self":[{"href":"https:\/\/www.karamantoki.com\/index.php\/wp-json\/wp\/v2\/posts\/2831","targetHints":{"allow":["GET"]}}],"collection":[{"href":"https:\/\/www.karamantoki.com\/index.php\/wp-json\/wp\/v2\/posts"}],"about":[{"href":"https:\/\/www.karamantoki.com\/index.php\/wp-json\/wp\/v2\/types\/post"}],"author":[{"embeddable":true,"href":"https:\/\/www.karamantoki.com\/index.php\/wp-json\/wp\/v2\/users\/1"}],"replies":[{"embeddable":true,"href":"https:\/\/www.karamantoki.com\/index.php\/wp-json\/wp\/v2\/comments?post=2831"}],"version-history":[{"count":0,"href":"https:\/\/www.karamantoki.com\/index.php\/wp-json\/wp\/v2\/posts\/2831\/revisions"}],"wp:attachment":[{"href":"https:\/\/www.karamantoki.com\/index.php\/wp-json\/wp\/v2\/media?parent=2831"}],"wp:term":[{"taxonomy":"category","embeddable":true,"href":"https:\/\/www.karamantoki.com\/index.php\/wp-json\/wp\/v2\/categories?post=2831"},{"taxonomy":"post_tag","embeddable":true,"href":"https:\/\/www.karamantoki.com\/index.php\/wp-json\/wp\/v2\/tags?post=2831"}],"curies":[{"name":"wp","href":"https:\/\/api.w.org\/{rel}","templated":true}]}}