{"id":2793,"date":"2025-12-07T05:50:13","date_gmt":"2025-12-07T05:50:13","guid":{"rendered":"https:\/\/www.karamantoki.com\/index.php\/2025\/12\/07\/istanbulda-saganak-kabusu-halk-otobusu-takla-atti-zincirleme-kaza-temi-kilitledi\/"},"modified":"2025-12-07T05:50:13","modified_gmt":"2025-12-07T05:50:13","slug":"istanbulda-saganak-kabusu-halk-otobusu-takla-atti-zincirleme-kaza-temi-kilitledi","status":"publish","type":"post","link":"https:\/\/www.karamantoki.com\/index.php\/2025\/12\/07\/istanbulda-saganak-kabusu-halk-otobusu-takla-atti-zincirleme-kaza-temi-kilitledi\/","title":{"rendered":"\u0130stanbul&apos;da sa\u011fanak kabusu! Halk otob\u00fcs\u00fc takla att\u0131, zincirleme kaza TEM&apos;i kilitledi"},"content":{"rendered":"<p>Meteoroloji ve AKOM&#8217;un uyar\u0131lar\u0131 sonras\u0131 \u0130stanbul&#8217;da gece yar\u0131s\u0131 ba\u015flayan sa\u011fanak ya\u011f\u0131\u015f etkisini s\u00fcrd\u00fcr\u00fcyor. Cadde ve sokaklar\u0131 sular alt\u0131nda b\u0131rakan ya\u011f\u0131\u015f \u00e7ok say\u0131da kazan\u0131n ya\u015fanmas\u0131na neden oldu. Ey\u00fcpsultan TEM Otoyolu&#8217;nda 7 arac\u0131n kar\u0131\u015ft\u0131\u011f\u0131 zincirleme kazada 2 ki\u015fi yaralan\u0131rken, otoyolda trafik uzun s\u00fcre kilitlendi. \u00c7ekmek\u00f6y&#8217;de ise seyir halindeki \u00f6zel halk otob\u00fcs\u00fc, kaygan yolda \u015fof\u00f6r\u00fcn\u00fcn kontrol\u00fcnden \u00e7\u0131karak takla att\u0131 ve bariyerlere \u00e7arpt\u0131.<\/p>\n","protected":false},"excerpt":{"rendered":"<p>Meteoroloji ve AKOM&#8217;un uyar\u0131lar\u0131 sonras\u0131 \u0130stanbul&#8217;da gece yar\u0131s\u0131 ba\u015flayan sa\u011fanak ya\u011f\u0131\u015f etkisini s\u00fcrd\u00fcr\u00fcyor. Cadde ve sokaklar\u0131 sular alt\u0131nda b\u0131rakan ya\u011f\u0131\u015f \u00e7ok say\u0131da kazan\u0131n ya\u015fanmas\u0131na neden oldu. Ey\u00fcpsultan TEM Otoyolu&#8217;nda 7 arac\u0131n kar\u0131\u015ft\u0131\u011f\u0131 zincirleme kazada 2 ki\u015fi yaralan\u0131rken, otoyolda trafik uzun s\u00fcre kilitlendi. \u00c7ekmek\u00f6y&#8217;de ise seyir halindeki \u00f6zel halk otob\u00fcs\u00fc, kaygan yolda \u015fof\u00f6r\u00fcn\u00fcn kontrol\u00fcnden \u00e7\u0131karak takla [&hellip;]<\/p>\n","protected":false},"author":1,"featured_media":0,"comment_status":"open","ping_status":"open","sticky":false,"template":"","format":"standard","meta":{"_joinchat":[],"footnotes":""},"categories":[1],"tags":[],"class_list":{"0":"post-2793","1":"post","2":"type-post","3":"status-publish","4":"format-standard","6":"category-toki"},"_links":{"self":[{"href":"https:\/\/www.karamantoki.com\/index.php\/wp-json\/wp\/v2\/posts\/2793","targetHints":{"allow":["GET"]}}],"collection":[{"href":"https:\/\/www.karamantoki.com\/index.php\/wp-json\/wp\/v2\/posts"}],"about":[{"href":"https:\/\/www.karamantoki.com\/index.php\/wp-json\/wp\/v2\/types\/post"}],"author":[{"embeddable":true,"href":"https:\/\/www.karamantoki.com\/index.php\/wp-json\/wp\/v2\/users\/1"}],"replies":[{"embeddable":true,"href":"https:\/\/www.karamantoki.com\/index.php\/wp-json\/wp\/v2\/comments?post=2793"}],"version-history":[{"count":0,"href":"https:\/\/www.karamantoki.com\/index.php\/wp-json\/wp\/v2\/posts\/2793\/revisions"}],"wp:attachment":[{"href":"https:\/\/www.karamantoki.com\/index.php\/wp-json\/wp\/v2\/media?parent=2793"}],"wp:term":[{"taxonomy":"category","embeddable":true,"href":"https:\/\/www.karamantoki.com\/index.php\/wp-json\/wp\/v2\/categories?post=2793"},{"taxonomy":"post_tag","embeddable":true,"href":"https:\/\/www.karamantoki.com\/index.php\/wp-json\/wp\/v2\/tags?post=2793"}],"curies":[{"name":"wp","href":"https:\/\/api.w.org\/{rel}","templated":true}]}}