{"id":2738,"date":"2025-12-06T19:53:13","date_gmt":"2025-12-06T19:53:13","guid":{"rendered":"https:\/\/www.karamantoki.com\/index.php\/2025\/12\/06\/sevda-cenap-and-muzik-vakfi-onur-odulu-yuksel-erimtana-verildi\/"},"modified":"2025-12-06T19:53:13","modified_gmt":"2025-12-06T19:53:13","slug":"sevda-cenap-and-muzik-vakfi-onur-odulu-yuksel-erimtana-verildi","status":"publish","type":"post","link":"https:\/\/www.karamantoki.com\/index.php\/2025\/12\/06\/sevda-cenap-and-muzik-vakfi-onur-odulu-yuksel-erimtana-verildi\/","title":{"rendered":"Sevda-Cenap And M\u00fczik Vakf\u0131 Onur \u00d6d\u00fcl\u00fc, Y\u00fcksel Erimtan&apos;a verildi"},"content":{"rendered":"<p>Sevda-Cenap And M\u00fczik Vakf\u0131 Onur \u00d6d\u00fcl\u00fc, sanat destek\u00e7isi Y\u00fcksel Erimtan&#8217;a takdim edildi. Tarihi And Evi&#8217;nde d\u00fczenlenen t\u00f6rende vak\u0131f ba\u015fkan\u0131 Ali Ba\u015fman, \u00f6d\u00fcl\u00fcn y\u0131ll\u0131k olarak m\u00fczik ya\u015fam\u0131na katk\u0131 sunan ki\u015filere verildi\u011fini a\u00e7\u0131klad\u0131. Erimtan, \u00f6d\u00fcl i\u00e7in duydu\u011fu onuru ifade etti ve destek veren b\u00fcy\u00fcklerine te\u015fekk\u00fcr etti.<\/p>\n","protected":false},"excerpt":{"rendered":"<p>Sevda-Cenap And M\u00fczik Vakf\u0131 Onur \u00d6d\u00fcl\u00fc, sanat destek\u00e7isi Y\u00fcksel Erimtan&#8217;a takdim edildi. Tarihi And Evi&#8217;nde d\u00fczenlenen t\u00f6rende vak\u0131f ba\u015fkan\u0131 Ali Ba\u015fman, \u00f6d\u00fcl\u00fcn y\u0131ll\u0131k olarak m\u00fczik ya\u015fam\u0131na katk\u0131 sunan ki\u015filere verildi\u011fini a\u00e7\u0131klad\u0131. Erimtan, \u00f6d\u00fcl i\u00e7in duydu\u011fu onuru ifade etti ve destek veren b\u00fcy\u00fcklerine te\u015fekk\u00fcr etti.<\/p>\n","protected":false},"author":1,"featured_media":0,"comment_status":"open","ping_status":"open","sticky":false,"template":"","format":"standard","meta":{"_joinchat":[],"footnotes":""},"categories":[1],"tags":[],"class_list":{"0":"post-2738","1":"post","2":"type-post","3":"status-publish","4":"format-standard","6":"category-toki"},"_links":{"self":[{"href":"https:\/\/www.karamantoki.com\/index.php\/wp-json\/wp\/v2\/posts\/2738","targetHints":{"allow":["GET"]}}],"collection":[{"href":"https:\/\/www.karamantoki.com\/index.php\/wp-json\/wp\/v2\/posts"}],"about":[{"href":"https:\/\/www.karamantoki.com\/index.php\/wp-json\/wp\/v2\/types\/post"}],"author":[{"embeddable":true,"href":"https:\/\/www.karamantoki.com\/index.php\/wp-json\/wp\/v2\/users\/1"}],"replies":[{"embeddable":true,"href":"https:\/\/www.karamantoki.com\/index.php\/wp-json\/wp\/v2\/comments?post=2738"}],"version-history":[{"count":0,"href":"https:\/\/www.karamantoki.com\/index.php\/wp-json\/wp\/v2\/posts\/2738\/revisions"}],"wp:attachment":[{"href":"https:\/\/www.karamantoki.com\/index.php\/wp-json\/wp\/v2\/media?parent=2738"}],"wp:term":[{"taxonomy":"category","embeddable":true,"href":"https:\/\/www.karamantoki.com\/index.php\/wp-json\/wp\/v2\/categories?post=2738"},{"taxonomy":"post_tag","embeddable":true,"href":"https:\/\/www.karamantoki.com\/index.php\/wp-json\/wp\/v2\/tags?post=2738"}],"curies":[{"name":"wp","href":"https:\/\/api.w.org\/{rel}","templated":true}]}}