{"id":2664,"date":"2025-12-06T08:51:14","date_gmt":"2025-12-06T08:51:14","guid":{"rendered":"https:\/\/www.karamantoki.com\/index.php\/2025\/12\/06\/vali-celik-afad-gonulluleri-toplumun-guclu-dayanagidir\/"},"modified":"2025-12-06T08:51:14","modified_gmt":"2025-12-06T08:51:14","slug":"vali-celik-afad-gonulluleri-toplumun-guclu-dayanagidir","status":"publish","type":"post","link":"https:\/\/www.karamantoki.com\/index.php\/2025\/12\/06\/vali-celik-afad-gonulluleri-toplumun-guclu-dayanagidir\/","title":{"rendered":"Vali \u00c7elik: &quot;AFAD g\u00f6n\u00fcll\u00fcleri toplumun g\u00fc\u00e7l\u00fc dayana\u011f\u0131d\u0131r&quot;"},"content":{"rendered":"<p>Ni\u011fde \u0130l Afet ve Acil Durum M\u00fcd\u00fcr\u00fc Nihal \u00d6ner ve ekip, 5 Aral\u0131k D\u00fcnya G\u00f6n\u00fcll\u00fcler G\u00fcn\u00fc kapsam\u0131nda Vali Cahit \u00c7elik&#8217;i ziyaret ederek g\u00f6n\u00fcll\u00fcl\u00fc\u011f\u00fcn \u00f6nemini vurgulad\u0131lar. Vali \u00c7elik, AFAD g\u00f6n\u00fcll\u00fclerine te\u015fekk\u00fcr etti ve onlar\u0131n toplumsal dayan\u0131\u015fmadaki rol\u00fcn\u00fc de\u011ferlendirdi.<\/p>\n","protected":false},"excerpt":{"rendered":"<p>Ni\u011fde \u0130l Afet ve Acil Durum M\u00fcd\u00fcr\u00fc Nihal \u00d6ner ve ekip, 5 Aral\u0131k D\u00fcnya G\u00f6n\u00fcll\u00fcler G\u00fcn\u00fc kapsam\u0131nda Vali Cahit \u00c7elik&#8217;i ziyaret ederek g\u00f6n\u00fcll\u00fcl\u00fc\u011f\u00fcn \u00f6nemini vurgulad\u0131lar. Vali \u00c7elik, AFAD g\u00f6n\u00fcll\u00fclerine te\u015fekk\u00fcr etti ve onlar\u0131n toplumsal dayan\u0131\u015fmadaki rol\u00fcn\u00fc de\u011ferlendirdi.<\/p>\n","protected":false},"author":1,"featured_media":0,"comment_status":"open","ping_status":"open","sticky":false,"template":"","format":"standard","meta":{"_joinchat":[],"footnotes":""},"categories":[1],"tags":[],"class_list":{"0":"post-2664","1":"post","2":"type-post","3":"status-publish","4":"format-standard","6":"category-toki"},"_links":{"self":[{"href":"https:\/\/www.karamantoki.com\/index.php\/wp-json\/wp\/v2\/posts\/2664","targetHints":{"allow":["GET"]}}],"collection":[{"href":"https:\/\/www.karamantoki.com\/index.php\/wp-json\/wp\/v2\/posts"}],"about":[{"href":"https:\/\/www.karamantoki.com\/index.php\/wp-json\/wp\/v2\/types\/post"}],"author":[{"embeddable":true,"href":"https:\/\/www.karamantoki.com\/index.php\/wp-json\/wp\/v2\/users\/1"}],"replies":[{"embeddable":true,"href":"https:\/\/www.karamantoki.com\/index.php\/wp-json\/wp\/v2\/comments?post=2664"}],"version-history":[{"count":0,"href":"https:\/\/www.karamantoki.com\/index.php\/wp-json\/wp\/v2\/posts\/2664\/revisions"}],"wp:attachment":[{"href":"https:\/\/www.karamantoki.com\/index.php\/wp-json\/wp\/v2\/media?parent=2664"}],"wp:term":[{"taxonomy":"category","embeddable":true,"href":"https:\/\/www.karamantoki.com\/index.php\/wp-json\/wp\/v2\/categories?post=2664"},{"taxonomy":"post_tag","embeddable":true,"href":"https:\/\/www.karamantoki.com\/index.php\/wp-json\/wp\/v2\/tags?post=2664"}],"curies":[{"name":"wp","href":"https:\/\/api.w.org\/{rel}","templated":true}]}}