{"id":2654,"date":"2025-12-05T15:03:43","date_gmt":"2025-12-05T15:03:43","guid":{"rendered":"https:\/\/www.karamantoki.com\/index.php\/2025\/12\/05\/berat-albayrakin-vizyonu-ile-enerjide-tam-bagimsiz-turkiye-6-sondaj-gemisi-karadenizde-gorev-yapacak\/"},"modified":"2025-12-05T15:03:43","modified_gmt":"2025-12-05T15:03:43","slug":"berat-albayrakin-vizyonu-ile-enerjide-tam-bagimsiz-turkiye-6-sondaj-gemisi-karadenizde-gorev-yapacak","status":"publish","type":"post","link":"https:\/\/www.karamantoki.com\/index.php\/2025\/12\/05\/berat-albayrakin-vizyonu-ile-enerjide-tam-bagimsiz-turkiye-6-sondaj-gemisi-karadenizde-gorev-yapacak\/","title":{"rendered":"Berat Albayrak\u2019\u0131n vizyonu ile enerjide tam ba\u011f\u0131ms\u0131z T\u00fcrkiye! 6. sondaj gemisi Karadeniz&#8217;de g\u00f6rev yapacak"},"content":{"rendered":"<p><img decoding=\"async\" src=\"https:\/\/iaahbr.tmgrup.com.tr\/6e4d05\/1200\/675\/0\/52\/800\/502?u=https:\/\/iahbr.tmgrup.com.tr\/2025\/12\/05\/berat-albayrakin-vizyonu-ile-enerjide-tam-bagimsiz-turkiye-6-sondaj-gemisi-karadenizde-gorev-yapacak-1764945438442.jpeg\" alt=\"Berat Albayrak\u2019\u0131n vizyonu ile enerjide tam ba\u011f\u0131ms\u0131z T\u00fcrkiye! 6. sondaj gemisi Karadeniz'de g\u00f6rev yapacak\"><br \/>T\u00fcrkiye, enerji alan\u0131ndaki stratejik hamlelerini kararl\u0131l\u0131kla s\u00fcrd\u00fcr\u00fcyor. Berat Albayrak&#8217;\u0131n Enerji ve Tabii Kaynaklar Bakanl\u0131\u011f\u0131 d\u00f6neminde \u00e7izdi\u011fi vizyon ile kritik alanda \u00e7a\u011f atlayan T\u00fcrkiye yeni hamlesiyle&#8230;<a href=\"https:\/\/www.ahaber.com.tr\/viral\/galeri\/liste\/berat-albayrakin-vizyonu-turkiyeyi-cag-sicratti-6-sondaj-gemisi-karadenizde-gorev-yapacak\">Devam\u0131 i\u00e7in t\u0131klay\u0131n\u0131z<\/a><\/p>\n","protected":false},"excerpt":{"rendered":"<p>T\u00fcrkiye, enerji alan\u0131ndaki stratejik hamlelerini kararl\u0131l\u0131kla s\u00fcrd\u00fcr\u00fcyor. Berat Albayrak&#8217;\u0131n Enerji ve Tabii Kaynaklar Bakanl\u0131\u011f\u0131 d\u00f6neminde \u00e7izdi\u011fi vizyon ile kritik alanda \u00e7a\u011f atlayan T\u00fcrkiye yeni hamlesiyle&#8230;Devam\u0131 i\u00e7in t\u0131klay\u0131n\u0131z<\/p>\n","protected":false},"author":1,"featured_media":0,"comment_status":"open","ping_status":"open","sticky":false,"template":"","format":"standard","meta":{"_joinchat":[],"footnotes":""},"categories":[32],"tags":[],"class_list":{"0":"post-2654","1":"post","2":"type-post","3":"status-publish","4":"format-standard","6":"category-ekonomi"},"_links":{"self":[{"href":"https:\/\/www.karamantoki.com\/index.php\/wp-json\/wp\/v2\/posts\/2654","targetHints":{"allow":["GET"]}}],"collection":[{"href":"https:\/\/www.karamantoki.com\/index.php\/wp-json\/wp\/v2\/posts"}],"about":[{"href":"https:\/\/www.karamantoki.com\/index.php\/wp-json\/wp\/v2\/types\/post"}],"author":[{"embeddable":true,"href":"https:\/\/www.karamantoki.com\/index.php\/wp-json\/wp\/v2\/users\/1"}],"replies":[{"embeddable":true,"href":"https:\/\/www.karamantoki.com\/index.php\/wp-json\/wp\/v2\/comments?post=2654"}],"version-history":[{"count":0,"href":"https:\/\/www.karamantoki.com\/index.php\/wp-json\/wp\/v2\/posts\/2654\/revisions"}],"wp:attachment":[{"href":"https:\/\/www.karamantoki.com\/index.php\/wp-json\/wp\/v2\/media?parent=2654"}],"wp:term":[{"taxonomy":"category","embeddable":true,"href":"https:\/\/www.karamantoki.com\/index.php\/wp-json\/wp\/v2\/categories?post=2654"},{"taxonomy":"post_tag","embeddable":true,"href":"https:\/\/www.karamantoki.com\/index.php\/wp-json\/wp\/v2\/tags?post=2654"}],"curies":[{"name":"wp","href":"https:\/\/api.w.org\/{rel}","templated":true}]}}