{"id":2637,"date":"2025-12-04T10:03:05","date_gmt":"2025-12-04T10:03:05","guid":{"rendered":"https:\/\/www.karamantoki.com\/index.php\/2025\/12\/04\/65-yas-engelli-ayligi-sosyal-yardimlara-1691lik-zamli-oran-kim-ne-kadar-alacak\/"},"modified":"2025-12-04T10:03:05","modified_gmt":"2025-12-04T10:03:05","slug":"65-yas-engelli-ayligi-sosyal-yardimlara-1691lik-zamli-oran-kim-ne-kadar-alacak","status":"publish","type":"post","link":"https:\/\/www.karamantoki.com\/index.php\/2025\/12\/04\/65-yas-engelli-ayligi-sosyal-yardimlara-1691lik-zamli-oran-kim-ne-kadar-alacak\/","title":{"rendered":"65 ya\u015f, engelli ayl\u0131\u011f\u0131&#8230; Sosyal yard\u0131mlara 16,91&#8217;lik zaml\u0131 oran: Kim ne kadar alacak?"},"content":{"rendered":"<p><img decoding=\"async\" src=\"https:\/\/iaahbr.tmgrup.com.tr\/8977c1\/1200\/675\/0\/0\/724\/407?u=https:\/\/iahbr.tmgrup.com.tr\/2025\/12\/04\/65-yas-engelli-ayligi-sosyal-yardimlara-1691lik-zamli-oran-kim-ne-kadar-alacak-1764838784523.jpg\" alt=\"65 ya\u015f, engelli ayl\u0131\u011f\u0131... Sosyal yard\u0131mlara 16,91'lik zaml\u0131 oran: Kim ne kadar alacak?\"><br \/>Enflasyon verilerinin a\u00e7\u0131klanmas\u0131yla sosyal yard\u0131m alan milyonlarca ki\u015finin g\u00f6z\u00fc zaml\u0131 hesaplamarlar\u0131na \u00e7evrildi. Kas\u0131m ay\u0131 enflasyonunun y\u00fczde 0,87 olarak ger\u00e7ekle\u015fmesiyle birlikte be\u015f ayl\u0131k enflasyon&#8230;<a href=\"https:\/\/www.ahaber.com.tr\/viral\/galeri\/liste\/65-yas-engelli-ayligi-sosyal-yardimlara-1691lik-zamli-oran-kim-ne-kadar-alacak\">Devam\u0131 i\u00e7in t\u0131klay\u0131n\u0131z<\/a><\/p>\n","protected":false},"excerpt":{"rendered":"<p>Enflasyon verilerinin a\u00e7\u0131klanmas\u0131yla sosyal yard\u0131m alan milyonlarca ki\u015finin g\u00f6z\u00fc zaml\u0131 hesaplamarlar\u0131na \u00e7evrildi. Kas\u0131m ay\u0131 enflasyonunun y\u00fczde 0,87 olarak ger\u00e7ekle\u015fmesiyle birlikte be\u015f ayl\u0131k enflasyon&#8230;Devam\u0131 i\u00e7in t\u0131klay\u0131n\u0131z<\/p>\n","protected":false},"author":1,"featured_media":0,"comment_status":"open","ping_status":"open","sticky":false,"template":"","format":"standard","meta":{"_joinchat":[],"footnotes":""},"categories":[32],"tags":[],"class_list":{"0":"post-2637","1":"post","2":"type-post","3":"status-publish","4":"format-standard","6":"category-ekonomi"},"_links":{"self":[{"href":"https:\/\/www.karamantoki.com\/index.php\/wp-json\/wp\/v2\/posts\/2637","targetHints":{"allow":["GET"]}}],"collection":[{"href":"https:\/\/www.karamantoki.com\/index.php\/wp-json\/wp\/v2\/posts"}],"about":[{"href":"https:\/\/www.karamantoki.com\/index.php\/wp-json\/wp\/v2\/types\/post"}],"author":[{"embeddable":true,"href":"https:\/\/www.karamantoki.com\/index.php\/wp-json\/wp\/v2\/users\/1"}],"replies":[{"embeddable":true,"href":"https:\/\/www.karamantoki.com\/index.php\/wp-json\/wp\/v2\/comments?post=2637"}],"version-history":[{"count":0,"href":"https:\/\/www.karamantoki.com\/index.php\/wp-json\/wp\/v2\/posts\/2637\/revisions"}],"wp:attachment":[{"href":"https:\/\/www.karamantoki.com\/index.php\/wp-json\/wp\/v2\/media?parent=2637"}],"wp:term":[{"taxonomy":"category","embeddable":true,"href":"https:\/\/www.karamantoki.com\/index.php\/wp-json\/wp\/v2\/categories?post=2637"},{"taxonomy":"post_tag","embeddable":true,"href":"https:\/\/www.karamantoki.com\/index.php\/wp-json\/wp\/v2\/tags?post=2637"}],"curies":[{"name":"wp","href":"https:\/\/api.w.org\/{rel}","templated":true}]}}