{"id":2598,"date":"2025-12-01T03:02:41","date_gmt":"2025-12-01T03:02:41","guid":{"rendered":"https:\/\/www.karamantoki.com\/index.php\/2025\/12\/01\/milyonlari-ilgilendiren-zam-pazarligi-basliyor-2026-yili-asgari-ucret-ne-kadar-olacak\/"},"modified":"2025-12-01T03:02:41","modified_gmt":"2025-12-01T03:02:41","slug":"milyonlari-ilgilendiren-zam-pazarligi-basliyor-2026-yili-asgari-ucret-ne-kadar-olacak","status":"publish","type":"post","link":"https:\/\/www.karamantoki.com\/index.php\/2025\/12\/01\/milyonlari-ilgilendiren-zam-pazarligi-basliyor-2026-yili-asgari-ucret-ne-kadar-olacak\/","title":{"rendered":"Milyonlar\u0131 ilgilendiren zam pazarl\u0131\u011f\u0131 ba\u015fl\u0131yor! 2026 y\u0131l\u0131 asgari \u00fccret ne kadar olacak?"},"content":{"rendered":"<p><img decoding=\"async\" src=\"https:\/\/iaahbr.tmgrup.com.tr\/9f0e9f\/1200\/675\/0\/0\/675\/380?u=https:\/\/iahbr.tmgrup.com.tr\/2025\/12\/01\/milyonlari-ilgilendiren-zam-pazarligi-basliyor-2026-yili-asgari-ucret-ne-kadar-olacak-1764553386695.jpg\" alt=\"Milyonlar\u0131 ilgilendiren zam pazarl\u0131\u011f\u0131 ba\u015fl\u0131yor! 2026 y\u0131l\u0131 asgari \u00fccret ne kadar olacak?\"><br \/>Milyonlarca \u00e7al\u0131\u015fan\u0131n g\u00f6z\u00fc 2026 y\u0131l\u0131 asgari \u00fccret zamm\u0131na \u00e7evrilmi\u015f durumda. Aral\u0131k ay\u0131na giri\u015f yap\u0131lmas\u0131yla Asgari \u00dccret Tespit Komisyonu s\u00fcreci bug\u00fcn itibar\u0131yla ba\u015fl\u0131yor. H\u00fck\u00fcmet, i\u015f\u00e7i ve i\u015fveren heyetlerinden&#8230;<a href=\"https:\/\/www.ahaber.com.tr\/ekonomi\/2025\/12\/01\/milyonlari-ilgilendiren-zam-pazarligi-basliyor-2026-yili-asgari-ucret-ne-kadar-olacak\">Devam\u0131 i\u00e7in t\u0131klay\u0131n\u0131z<\/a><\/p>\n","protected":false},"excerpt":{"rendered":"<p>Milyonlarca \u00e7al\u0131\u015fan\u0131n g\u00f6z\u00fc 2026 y\u0131l\u0131 asgari \u00fccret zamm\u0131na \u00e7evrilmi\u015f durumda. Aral\u0131k ay\u0131na giri\u015f yap\u0131lmas\u0131yla Asgari \u00dccret Tespit Komisyonu s\u00fcreci bug\u00fcn itibar\u0131yla ba\u015fl\u0131yor. H\u00fck\u00fcmet, i\u015f\u00e7i ve i\u015fveren heyetlerinden&#8230;Devam\u0131 i\u00e7in t\u0131klay\u0131n\u0131z<\/p>\n","protected":false},"author":1,"featured_media":0,"comment_status":"open","ping_status":"open","sticky":false,"template":"","format":"standard","meta":{"_joinchat":[],"footnotes":""},"categories":[32],"tags":[],"class_list":{"0":"post-2598","1":"post","2":"type-post","3":"status-publish","4":"format-standard","6":"category-ekonomi"},"_links":{"self":[{"href":"https:\/\/www.karamantoki.com\/index.php\/wp-json\/wp\/v2\/posts\/2598","targetHints":{"allow":["GET"]}}],"collection":[{"href":"https:\/\/www.karamantoki.com\/index.php\/wp-json\/wp\/v2\/posts"}],"about":[{"href":"https:\/\/www.karamantoki.com\/index.php\/wp-json\/wp\/v2\/types\/post"}],"author":[{"embeddable":true,"href":"https:\/\/www.karamantoki.com\/index.php\/wp-json\/wp\/v2\/users\/1"}],"replies":[{"embeddable":true,"href":"https:\/\/www.karamantoki.com\/index.php\/wp-json\/wp\/v2\/comments?post=2598"}],"version-history":[{"count":0,"href":"https:\/\/www.karamantoki.com\/index.php\/wp-json\/wp\/v2\/posts\/2598\/revisions"}],"wp:attachment":[{"href":"https:\/\/www.karamantoki.com\/index.php\/wp-json\/wp\/v2\/media?parent=2598"}],"wp:term":[{"taxonomy":"category","embeddable":true,"href":"https:\/\/www.karamantoki.com\/index.php\/wp-json\/wp\/v2\/categories?post=2598"},{"taxonomy":"post_tag","embeddable":true,"href":"https:\/\/www.karamantoki.com\/index.php\/wp-json\/wp\/v2\/tags?post=2598"}],"curies":[{"name":"wp","href":"https:\/\/api.w.org\/{rel}","templated":true}]}}