{"id":2569,"date":"2025-11-27T09:03:56","date_gmt":"2025-11-27T09:03:56","guid":{"rendered":"https:\/\/www.karamantoki.com\/index.php\/2025\/11\/27\/faruk-erdem-asgari-ucret-icin-a-haberde-rakam-verdi-masadaki-kritik-formul-yil-sonu-enflasyonu-ve-refah-payi\/"},"modified":"2025-11-27T09:03:56","modified_gmt":"2025-11-27T09:03:56","slug":"faruk-erdem-asgari-ucret-icin-a-haberde-rakam-verdi-masadaki-kritik-formul-yil-sonu-enflasyonu-ve-refah-payi","status":"publish","type":"post","link":"https:\/\/www.karamantoki.com\/index.php\/2025\/11\/27\/faruk-erdem-asgari-ucret-icin-a-haberde-rakam-verdi-masadaki-kritik-formul-yil-sonu-enflasyonu-ve-refah-payi\/","title":{"rendered":"Faruk Erdem asgari \u00fccret i\u00e7in A Haber&#8217;de rakam verdi! Masadaki kritik form\u00fcl: Y\u0131l sonu enflasyonu ve refah pay\u0131"},"content":{"rendered":"<p><img decoding=\"async\" src=\"https:\/\/iaahbr.tmgrup.com.tr\/17d211\/1200\/675\/0\/0\/864\/486?u=https:\/\/iahbr.tmgrup.com.tr\/2025\/11\/27\/1764228986547.jpg\" alt=\"Faruk Erdem asgari \u00fccret i\u00e7in A Haber'de rakam verdi! Masadaki kritik form\u00fcl: Y\u0131l sonu enflasyonu ve refah pay\u0131\"><br \/>Milyonlarca \u00e7al\u0131\u015fan\u0131n nefesini tutarak bekledi\u011fi asgari \u00fccret zamm\u0131 i\u00e7in geri say\u0131m ba\u015flad\u0131. Asgari \u00dccret Tespit Komisyonu&#8217;nun toplanmas\u0131na say\u0131l\u0131 g\u00fcnler kala, g\u00f6zler h\u00fck\u00fcmet, i\u015f\u00e7i ve i\u015fveren temsilcilerinin&#8230;<a href=\"https:\/\/www.ahaber.com.tr\/ekonomi\/2025\/11\/27\/faruk-erdem-asgari-ucret-icin-a-haberde-rakam-verdi-masadaki-kritik-formul-yil-sonu-enflasyonu-ve-refah-payi\">Devam\u0131 i\u00e7in t\u0131klay\u0131n\u0131z<\/a><\/p>\n","protected":false},"excerpt":{"rendered":"<p>Milyonlarca \u00e7al\u0131\u015fan\u0131n nefesini tutarak bekledi\u011fi asgari \u00fccret zamm\u0131 i\u00e7in geri say\u0131m ba\u015flad\u0131. Asgari \u00dccret Tespit Komisyonu&#8217;nun toplanmas\u0131na say\u0131l\u0131 g\u00fcnler kala, g\u00f6zler h\u00fck\u00fcmet, i\u015f\u00e7i ve i\u015fveren temsilcilerinin&#8230;Devam\u0131 i\u00e7in t\u0131klay\u0131n\u0131z<\/p>\n","protected":false},"author":1,"featured_media":0,"comment_status":"open","ping_status":"open","sticky":false,"template":"","format":"standard","meta":{"_joinchat":[],"footnotes":""},"categories":[32],"tags":[],"class_list":{"0":"post-2569","1":"post","2":"type-post","3":"status-publish","4":"format-standard","6":"category-ekonomi"},"_links":{"self":[{"href":"https:\/\/www.karamantoki.com\/index.php\/wp-json\/wp\/v2\/posts\/2569","targetHints":{"allow":["GET"]}}],"collection":[{"href":"https:\/\/www.karamantoki.com\/index.php\/wp-json\/wp\/v2\/posts"}],"about":[{"href":"https:\/\/www.karamantoki.com\/index.php\/wp-json\/wp\/v2\/types\/post"}],"author":[{"embeddable":true,"href":"https:\/\/www.karamantoki.com\/index.php\/wp-json\/wp\/v2\/users\/1"}],"replies":[{"embeddable":true,"href":"https:\/\/www.karamantoki.com\/index.php\/wp-json\/wp\/v2\/comments?post=2569"}],"version-history":[{"count":0,"href":"https:\/\/www.karamantoki.com\/index.php\/wp-json\/wp\/v2\/posts\/2569\/revisions"}],"wp:attachment":[{"href":"https:\/\/www.karamantoki.com\/index.php\/wp-json\/wp\/v2\/media?parent=2569"}],"wp:term":[{"taxonomy":"category","embeddable":true,"href":"https:\/\/www.karamantoki.com\/index.php\/wp-json\/wp\/v2\/categories?post=2569"},{"taxonomy":"post_tag","embeddable":true,"href":"https:\/\/www.karamantoki.com\/index.php\/wp-json\/wp\/v2\/tags?post=2569"}],"curies":[{"name":"wp","href":"https:\/\/api.w.org\/{rel}","templated":true}]}}