{"id":2568,"date":"2025-11-27T08:52:39","date_gmt":"2025-11-27T08:52:39","guid":{"rendered":"https:\/\/www.karamantoki.com\/index.php\/2025\/11\/27\/toki-500-bin-sosyal-konut-projesine-kac-kisi-basvurdu-istanbul-izmir-ankara-ve-diger-illerden-tokiye-kac-kisi-basvurdu-bakan-kurum-acikladi\/"},"modified":"2025-11-27T08:52:39","modified_gmt":"2025-11-27T08:52:39","slug":"toki-500-bin-sosyal-konut-projesine-kac-kisi-basvurdu-istanbul-izmir-ankara-ve-diger-illerden-tokiye-kac-kisi-basvurdu-bakan-kurum-acikladi","status":"publish","type":"post","link":"https:\/\/www.karamantoki.com\/index.php\/2025\/11\/27\/toki-500-bin-sosyal-konut-projesine-kac-kisi-basvurdu-istanbul-izmir-ankara-ve-diger-illerden-tokiye-kac-kisi-basvurdu-bakan-kurum-acikladi\/","title":{"rendered":"TOK\u0130 500 bin sosyal konut projesine ka\u00e7 ki\u015fi ba\u015fvurdu? \u0130stanbul, \u0130zmir, Ankara ve di\u011fer illerden TOK\u0130&apos;ye ka\u00e7 ki\u015fi ba\u015fvurdu? Bakan Kurum a\u00e7\u0131klad\u0131!"},"content":{"rendered":"<p>T\u00fcrkiye&#8217;nin en b\u00fcy\u00fck konut projelerinden biri olan TOK\u0130&#8217;nin 500 bin sosyal konut projesi i\u00e7in ba\u015fvuru say\u0131s\u0131 Murat Kurum taraf\u0131ndan a\u00e7\u0131kland\u0131. Ba\u015fvuru say\u0131s\u0131n\u0131 \u00c7evre ve \u015eehircilik Bakan\u0131 Murat Kurum a\u00e7\u0131klad\u0131. Bakan Kurum&#8217;un a\u00e7\u0131klamas\u0131na g\u00f6re projeye yo\u011fun ilgi oldu ve ba\u015fvuru say\u0131s\u0131 beklenenden daha y\u00fcksek \u00e7\u0131kt\u0131. Peki, TOK\u0130 500 bin sosyal konut projesine ka\u00e7 ki\u015fi ba\u015fvurdu? \u0130stanbul, \u0130zmir, Ankara ve di\u011fer illerden TOK\u0130&#8217;ye ka\u00e7 ki\u015fi ba\u015fvurdu? Detaylar&#8230;<\/p>\n","protected":false},"excerpt":{"rendered":"<p>T\u00fcrkiye&#8217;nin en b\u00fcy\u00fck konut projelerinden biri olan TOK\u0130&#8217;nin 500 bin sosyal konut projesi i\u00e7in ba\u015fvuru say\u0131s\u0131 Murat Kurum taraf\u0131ndan a\u00e7\u0131kland\u0131. Ba\u015fvuru say\u0131s\u0131n\u0131 \u00c7evre ve \u015eehircilik Bakan\u0131 Murat Kurum a\u00e7\u0131klad\u0131. Bakan Kurum&#8217;un a\u00e7\u0131klamas\u0131na g\u00f6re projeye yo\u011fun ilgi oldu ve ba\u015fvuru say\u0131s\u0131 beklenenden daha y\u00fcksek \u00e7\u0131kt\u0131. Peki, TOK\u0130 500 bin sosyal konut projesine ka\u00e7 ki\u015fi ba\u015fvurdu? \u0130stanbul, [&hellip;]<\/p>\n","protected":false},"author":1,"featured_media":0,"comment_status":"open","ping_status":"open","sticky":false,"template":"","format":"standard","meta":{"_joinchat":[],"footnotes":""},"categories":[1],"tags":[],"class_list":{"0":"post-2568","1":"post","2":"type-post","3":"status-publish","4":"format-standard","6":"category-toki"},"_links":{"self":[{"href":"https:\/\/www.karamantoki.com\/index.php\/wp-json\/wp\/v2\/posts\/2568","targetHints":{"allow":["GET"]}}],"collection":[{"href":"https:\/\/www.karamantoki.com\/index.php\/wp-json\/wp\/v2\/posts"}],"about":[{"href":"https:\/\/www.karamantoki.com\/index.php\/wp-json\/wp\/v2\/types\/post"}],"author":[{"embeddable":true,"href":"https:\/\/www.karamantoki.com\/index.php\/wp-json\/wp\/v2\/users\/1"}],"replies":[{"embeddable":true,"href":"https:\/\/www.karamantoki.com\/index.php\/wp-json\/wp\/v2\/comments?post=2568"}],"version-history":[{"count":0,"href":"https:\/\/www.karamantoki.com\/index.php\/wp-json\/wp\/v2\/posts\/2568\/revisions"}],"wp:attachment":[{"href":"https:\/\/www.karamantoki.com\/index.php\/wp-json\/wp\/v2\/media?parent=2568"}],"wp:term":[{"taxonomy":"category","embeddable":true,"href":"https:\/\/www.karamantoki.com\/index.php\/wp-json\/wp\/v2\/categories?post=2568"},{"taxonomy":"post_tag","embeddable":true,"href":"https:\/\/www.karamantoki.com\/index.php\/wp-json\/wp\/v2\/tags?post=2568"}],"curies":[{"name":"wp","href":"https:\/\/api.w.org\/{rel}","templated":true}]}}