{"id":2515,"date":"2025-11-21T11:06:24","date_gmt":"2025-11-21T11:06:24","guid":{"rendered":"https:\/\/www.karamantoki.com\/index.php\/2025\/11\/21\/kultur-ve-turizm-bakani-mehmet-nuri-ersoy-duyurdu-seb-i-arus-artik-dunyaya-tanitilacak\/"},"modified":"2025-11-21T11:06:24","modified_gmt":"2025-11-21T11:06:24","slug":"kultur-ve-turizm-bakani-mehmet-nuri-ersoy-duyurdu-seb-i-arus-artik-dunyaya-tanitilacak","status":"publish","type":"post","link":"https:\/\/www.karamantoki.com\/index.php\/2025\/11\/21\/kultur-ve-turizm-bakani-mehmet-nuri-ersoy-duyurdu-seb-i-arus-artik-dunyaya-tanitilacak\/","title":{"rendered":"K\u00fclt\u00fcr ve Turizm Bakan\u0131 Mehmet Nuri Ersoy duyurdu: \u015eeb-i Arus art\u0131k d\u00fcnyaya tan\u0131t\u0131lacak!"},"content":{"rendered":"<p><img decoding=\"async\" src=\"https:\/\/iaahbr.tmgrup.com.tr\/aa9af5\/1200\/675\/0\/9\/800\/460?u=https:\/\/iahbr.tmgrup.com.tr\/2025\/11\/21\/1763716361857.jpeg\" alt=\"K\u00fclt\u00fcr ve Turizm Bakan\u0131 Mehmet Nuri Ersoy duyurdu: \u015eeb-i Arus art\u0131k d\u00fcnyaya tan\u0131t\u0131lacak!\"><br \/>K\u00fclt\u00fcr ve Turizm Bakan\u0131 Mehmet Nuri Ersoy, Vuslat Y\u0131ld\u00f6n\u00fcm\u00fc Uluslararas\u0131 Anma T\u00f6renlerinin bu y\u0131l ilk kez 6 Aral\u0131k Cumartesi g\u00fcn\u00fc Karaman\u2019daki Aktekke Camii\u2019nde, Mevlana\u2019n\u0131n annesi M\u00fcmine Hatun\u2019un kabri&#8230;<a href=\"https:\/\/www.ahaber.com.tr\/ekonomi\/2025\/11\/21\/kultur-ve-turizm-bakani-mehmet-nuri-ersoy-duyurdu-seb-i-arus-artik-dunyaya-tanitilacak\">Devam\u0131 i\u00e7in t\u0131klay\u0131n\u0131z<\/a><\/p>\n","protected":false},"excerpt":{"rendered":"<p>K\u00fclt\u00fcr ve Turizm Bakan\u0131 Mehmet Nuri Ersoy, Vuslat Y\u0131ld\u00f6n\u00fcm\u00fc Uluslararas\u0131 Anma T\u00f6renlerinin bu y\u0131l ilk kez 6 Aral\u0131k Cumartesi g\u00fcn\u00fc Karaman\u2019daki Aktekke Camii\u2019nde, Mevlana\u2019n\u0131n annesi M\u00fcmine Hatun\u2019un kabri&#8230;Devam\u0131 i\u00e7in t\u0131klay\u0131n\u0131z<\/p>\n","protected":false},"author":1,"featured_media":0,"comment_status":"open","ping_status":"open","sticky":false,"template":"","format":"standard","meta":{"_joinchat":[],"footnotes":""},"categories":[32],"tags":[],"class_list":{"0":"post-2515","1":"post","2":"type-post","3":"status-publish","4":"format-standard","6":"category-ekonomi"},"_links":{"self":[{"href":"https:\/\/www.karamantoki.com\/index.php\/wp-json\/wp\/v2\/posts\/2515","targetHints":{"allow":["GET"]}}],"collection":[{"href":"https:\/\/www.karamantoki.com\/index.php\/wp-json\/wp\/v2\/posts"}],"about":[{"href":"https:\/\/www.karamantoki.com\/index.php\/wp-json\/wp\/v2\/types\/post"}],"author":[{"embeddable":true,"href":"https:\/\/www.karamantoki.com\/index.php\/wp-json\/wp\/v2\/users\/1"}],"replies":[{"embeddable":true,"href":"https:\/\/www.karamantoki.com\/index.php\/wp-json\/wp\/v2\/comments?post=2515"}],"version-history":[{"count":0,"href":"https:\/\/www.karamantoki.com\/index.php\/wp-json\/wp\/v2\/posts\/2515\/revisions"}],"wp:attachment":[{"href":"https:\/\/www.karamantoki.com\/index.php\/wp-json\/wp\/v2\/media?parent=2515"}],"wp:term":[{"taxonomy":"category","embeddable":true,"href":"https:\/\/www.karamantoki.com\/index.php\/wp-json\/wp\/v2\/categories?post=2515"},{"taxonomy":"post_tag","embeddable":true,"href":"https:\/\/www.karamantoki.com\/index.php\/wp-json\/wp\/v2\/tags?post=2515"}],"curies":[{"name":"wp","href":"https:\/\/api.w.org\/{rel}","templated":true}]}}