{"id":2466,"date":"2025-11-17T08:50:16","date_gmt":"2025-11-17T08:50:16","guid":{"rendered":"https:\/\/www.karamantoki.com\/index.php\/2025\/11\/17\/toki-500-bin-sosyal-konut-genc-kategorisi-basvuru-sartlari-neler-ucreti-ne-kadar-toki-genc-kategorisi-yuzde-kac18-30-yas-arasi-basvurabilir-mi\/"},"modified":"2025-11-17T08:50:16","modified_gmt":"2025-11-17T08:50:16","slug":"toki-500-bin-sosyal-konut-genc-kategorisi-basvuru-sartlari-neler-ucreti-ne-kadar-toki-genc-kategorisi-yuzde-kac18-30-yas-arasi-basvurabilir-mi","status":"publish","type":"post","link":"https:\/\/www.karamantoki.com\/index.php\/2025\/11\/17\/toki-500-bin-sosyal-konut-genc-kategorisi-basvuru-sartlari-neler-ucreti-ne-kadar-toki-genc-kategorisi-yuzde-kac18-30-yas-arasi-basvurabilir-mi\/","title":{"rendered":"TOK\u0130 500 Bin Sosyal Konut Gen\u00e7 Kategorisi ba\u015fvuru \u015fartlar\u0131 neler, \u00fccreti ne kadar? TOK\u0130 gen\u00e7 kategorisi y\u00fczde ka\u00e7,18-30 ya\u015f aras\u0131 ba\u015fvurabilir mi?"},"content":{"rendered":"<p>\u00fcrkiye genelinde milyonlarca gen\u00e7 i\u00e7in b\u00fcy\u00fck bir f\u0131rsat sunan TOK\u0130 500 Bin Sosyal Konut Projesi, \u00f6zellikle 18-30 ya\u015f aras\u0131 vatanda\u015flar\u0131 kapsayan Gen\u00e7 Kategorisi ile dikkat \u00e7ekiyor. Peki, TOK\u0130 500 Bin Sosyal Konut Gen\u00e7 Kategorisi ba\u015fvuru \u015fartlar\u0131 neler, \u00fccreti ne kadar? TOK\u0130 gen\u00e7 kategorisi y\u00fczde ka\u00e7? TOK\u0130&#8217;ye18-30 ya\u015f aras\u0131 ba\u015fvurabilir mi? Anne- babas\u0131n\u0131n \u00fczerine en olan ba\u015fvuru yapabilir mi? Detaylar&#8230;<\/p>\n","protected":false},"excerpt":{"rendered":"<p>\u00fcrkiye genelinde milyonlarca gen\u00e7 i\u00e7in b\u00fcy\u00fck bir f\u0131rsat sunan TOK\u0130 500 Bin Sosyal Konut Projesi, \u00f6zellikle 18-30 ya\u015f aras\u0131 vatanda\u015flar\u0131 kapsayan Gen\u00e7 Kategorisi ile dikkat \u00e7ekiyor. Peki, TOK\u0130 500 Bin Sosyal Konut Gen\u00e7 Kategorisi ba\u015fvuru \u015fartlar\u0131 neler, \u00fccreti ne kadar? TOK\u0130 gen\u00e7 kategorisi y\u00fczde ka\u00e7? TOK\u0130&#8217;ye18-30 ya\u015f aras\u0131 ba\u015fvurabilir mi? Anne- babas\u0131n\u0131n \u00fczerine en olan [&hellip;]<\/p>\n","protected":false},"author":1,"featured_media":0,"comment_status":"open","ping_status":"open","sticky":false,"template":"","format":"standard","meta":{"_joinchat":[],"footnotes":""},"categories":[1],"tags":[],"class_list":{"0":"post-2466","1":"post","2":"type-post","3":"status-publish","4":"format-standard","6":"category-toki"},"_links":{"self":[{"href":"https:\/\/www.karamantoki.com\/index.php\/wp-json\/wp\/v2\/posts\/2466","targetHints":{"allow":["GET"]}}],"collection":[{"href":"https:\/\/www.karamantoki.com\/index.php\/wp-json\/wp\/v2\/posts"}],"about":[{"href":"https:\/\/www.karamantoki.com\/index.php\/wp-json\/wp\/v2\/types\/post"}],"author":[{"embeddable":true,"href":"https:\/\/www.karamantoki.com\/index.php\/wp-json\/wp\/v2\/users\/1"}],"replies":[{"embeddable":true,"href":"https:\/\/www.karamantoki.com\/index.php\/wp-json\/wp\/v2\/comments?post=2466"}],"version-history":[{"count":0,"href":"https:\/\/www.karamantoki.com\/index.php\/wp-json\/wp\/v2\/posts\/2466\/revisions"}],"wp:attachment":[{"href":"https:\/\/www.karamantoki.com\/index.php\/wp-json\/wp\/v2\/media?parent=2466"}],"wp:term":[{"taxonomy":"category","embeddable":true,"href":"https:\/\/www.karamantoki.com\/index.php\/wp-json\/wp\/v2\/categories?post=2466"},{"taxonomy":"post_tag","embeddable":true,"href":"https:\/\/www.karamantoki.com\/index.php\/wp-json\/wp\/v2\/tags?post=2466"}],"curies":[{"name":"wp","href":"https:\/\/api.w.org\/{rel}","templated":true}]}}