{"id":2464,"date":"2025-11-17T06:03:15","date_gmt":"2025-11-17T06:03:15","guid":{"rendered":"https:\/\/www.karamantoki.com\/index.php\/2025\/11\/17\/emekli-calisan-memur-600-900-1080-prim-gunune-gore-issizlik-maasi-kac-ay-alinir-20-64649-tl-odeme-icin-yeni-hesap\/"},"modified":"2025-11-17T06:03:15","modified_gmt":"2025-11-17T06:03:15","slug":"emekli-calisan-memur-600-900-1080-prim-gunune-gore-issizlik-maasi-kac-ay-alinir-20-64649-tl-odeme-icin-yeni-hesap","status":"publish","type":"post","link":"https:\/\/www.karamantoki.com\/index.php\/2025\/11\/17\/emekli-calisan-memur-600-900-1080-prim-gunune-gore-issizlik-maasi-kac-ay-alinir-20-64649-tl-odeme-icin-yeni-hesap\/","title":{"rendered":"Emekli, \u00e7al\u0131\u015fan, memur&#8230; 600-900-1080 prim g\u00fcn\u00fcne g\u00f6re i\u015fsizlik maa\u015f\u0131 ka\u00e7 ay al\u0131n\u0131r? 20.646,49 TL \u00f6deme i\u00e7in yeni hesap"},"content":{"rendered":"<p><img decoding=\"async\" src=\"https:\/\/iaahbr.tmgrup.com.tr\/9bdccd\/1200\/675\/0\/20\/724\/427?u=https:\/\/iahbr.tmgrup.com.tr\/2025\/11\/17\/emekli-calisan-memur-600-900-1080-prim-gunune-gore-issizlik-maasi-kac-ay-alinir-2064649-tl-odeme-icin-yeni-hes-1763358291051.jpg\" alt=\"Emekli, \u00e7al\u0131\u015fan, memur... 600-900-1080 prim g\u00fcn\u00fcne g\u00f6re i\u015fsizlik maa\u015f\u0131 ka\u00e7 ay al\u0131n\u0131r? 20.646,49 TL \u00f6deme i\u00e7in yeni hesap\"><br \/>T\u00fcrkiye&#8217;de i\u015fsiz kalanlara sa\u011flanan ge\u00e7ici gelir deste\u011fi, hem kapsam\u0131 hem de \u00f6deme s\u0131n\u0131rlar\u0131 nedeniyle g\u00fcndemin en \u00e7ok tart\u0131\u015f\u0131lan ba\u015fl\u0131klar\u0131ndan biri h\u00e2line geldi. Emekli olup yeniden \u00e7al\u0131\u015fanlar\u0131n bu \u00f6denekten&#8230;<a href=\"https:\/\/www.ahaber.com.tr\/viral\/galeri\/liste\/emekli-calisan-memur-600-900-1080-prim-gunune-gore-issizlik-maasi-kac-ay-alinir-2064649-tl-odeme-icin-yeni-hesap\">Devam\u0131 i\u00e7in t\u0131klay\u0131n\u0131z<\/a><\/p>\n","protected":false},"excerpt":{"rendered":"<p>T\u00fcrkiye&#8217;de i\u015fsiz kalanlara sa\u011flanan ge\u00e7ici gelir deste\u011fi, hem kapsam\u0131 hem de \u00f6deme s\u0131n\u0131rlar\u0131 nedeniyle g\u00fcndemin en \u00e7ok tart\u0131\u015f\u0131lan ba\u015fl\u0131klar\u0131ndan biri h\u00e2line geldi. Emekli olup yeniden \u00e7al\u0131\u015fanlar\u0131n bu \u00f6denekten&#8230;Devam\u0131 i\u00e7in t\u0131klay\u0131n\u0131z<\/p>\n","protected":false},"author":1,"featured_media":0,"comment_status":"open","ping_status":"open","sticky":false,"template":"","format":"standard","meta":{"_joinchat":[],"footnotes":""},"categories":[32],"tags":[],"class_list":{"0":"post-2464","1":"post","2":"type-post","3":"status-publish","4":"format-standard","6":"category-ekonomi"},"_links":{"self":[{"href":"https:\/\/www.karamantoki.com\/index.php\/wp-json\/wp\/v2\/posts\/2464","targetHints":{"allow":["GET"]}}],"collection":[{"href":"https:\/\/www.karamantoki.com\/index.php\/wp-json\/wp\/v2\/posts"}],"about":[{"href":"https:\/\/www.karamantoki.com\/index.php\/wp-json\/wp\/v2\/types\/post"}],"author":[{"embeddable":true,"href":"https:\/\/www.karamantoki.com\/index.php\/wp-json\/wp\/v2\/users\/1"}],"replies":[{"embeddable":true,"href":"https:\/\/www.karamantoki.com\/index.php\/wp-json\/wp\/v2\/comments?post=2464"}],"version-history":[{"count":0,"href":"https:\/\/www.karamantoki.com\/index.php\/wp-json\/wp\/v2\/posts\/2464\/revisions"}],"wp:attachment":[{"href":"https:\/\/www.karamantoki.com\/index.php\/wp-json\/wp\/v2\/media?parent=2464"}],"wp:term":[{"taxonomy":"category","embeddable":true,"href":"https:\/\/www.karamantoki.com\/index.php\/wp-json\/wp\/v2\/categories?post=2464"},{"taxonomy":"post_tag","embeddable":true,"href":"https:\/\/www.karamantoki.com\/index.php\/wp-json\/wp\/v2\/tags?post=2464"}],"curies":[{"name":"wp","href":"https:\/\/api.w.org\/{rel}","templated":true}]}}