{"id":24488,"date":"2026-09-04T22:50:17","date_gmt":"2026-09-04T22:50:17","guid":{"rendered":"https:\/\/www.karamantoki.com\/index.php\/2026\/09\/04\/cumhurbaskani-erdogandan-4-bakanlikta-atama-ve-gorevden-alma-kararlari\/"},"modified":"2026-09-04T22:50:17","modified_gmt":"2026-09-04T22:50:17","slug":"cumhurbaskani-erdogandan-4-bakanlikta-atama-ve-gorevden-alma-kararlari","status":"publish","type":"post","link":"https:\/\/www.karamantoki.com\/index.php\/2026\/09\/04\/cumhurbaskani-erdogandan-4-bakanlikta-atama-ve-gorevden-alma-kararlari\/","title":{"rendered":"Cumhurba\u015fkan\u0131 Erdo\u011fan&apos;dan 4 bakanl\u0131kta atama ve g\u00f6revden alma kararlar\u0131"},"content":{"rendered":"<p>Baz\u0131 bakanl\u0131k ve kamu kurumlar\u0131nda g\u00f6rev de\u011fi\u015fikliklerini i\u00e7eren atama ve g\u00f6revden alma kararlar\u0131 Resmi Gazete\u2019de yay\u0131mland\u0131. K\u00fclt\u00fcr ve Turizm Bakanl\u0131\u011f\u0131nda 3 il m\u00fcd\u00fcrl\u00fc\u011f\u00fcne yeni atamalar yap\u0131l\u0131rken, Aile ve Sosyal Hizmetler Bakanl\u0131\u011f\u0131nda 2 il m\u00fcd\u00fcr\u00fc g\u00f6revden al\u0131nd\u0131, 5 ile yeni m\u00fcd\u00fcr atand\u0131. Milli Savunma Bakanl\u0131\u011f\u0131nda da bir genel m\u00fcd\u00fcr yard\u0131mc\u0131s\u0131 g\u00f6revden al\u0131n\u0131rken, \u00e7e\u015fitli kurumlara yeni isimler getirildi.<\/p>\n","protected":false},"excerpt":{"rendered":"<p>Baz\u0131 bakanl\u0131k ve kamu kurumlar\u0131nda g\u00f6rev de\u011fi\u015fikliklerini i\u00e7eren atama ve g\u00f6revden alma kararlar\u0131 Resmi Gazete\u2019de yay\u0131mland\u0131. K\u00fclt\u00fcr ve Turizm Bakanl\u0131\u011f\u0131nda 3 il m\u00fcd\u00fcrl\u00fc\u011f\u00fcne yeni atamalar yap\u0131l\u0131rken, Aile ve Sosyal Hizmetler Bakanl\u0131\u011f\u0131nda 2 il m\u00fcd\u00fcr\u00fc g\u00f6revden al\u0131nd\u0131, 5 ile yeni m\u00fcd\u00fcr atand\u0131. Milli Savunma Bakanl\u0131\u011f\u0131nda da bir genel m\u00fcd\u00fcr yard\u0131mc\u0131s\u0131 g\u00f6revden al\u0131n\u0131rken, \u00e7e\u015fitli kurumlara yeni isimler [&hellip;]<\/p>\n","protected":false},"author":1,"featured_media":0,"comment_status":"open","ping_status":"open","sticky":false,"template":"","format":"standard","meta":{"_joinchat":[],"footnotes":""},"categories":[1],"tags":[],"class_list":["post-24488","post","type-post","status-publish","format-standard","category-toki"],"_links":{"self":[{"href":"https:\/\/www.karamantoki.com\/index.php\/wp-json\/wp\/v2\/posts\/24488","targetHints":{"allow":["GET"]}}],"collection":[{"href":"https:\/\/www.karamantoki.com\/index.php\/wp-json\/wp\/v2\/posts"}],"about":[{"href":"https:\/\/www.karamantoki.com\/index.php\/wp-json\/wp\/v2\/types\/post"}],"author":[{"embeddable":true,"href":"https:\/\/www.karamantoki.com\/index.php\/wp-json\/wp\/v2\/users\/1"}],"replies":[{"embeddable":true,"href":"https:\/\/www.karamantoki.com\/index.php\/wp-json\/wp\/v2\/comments?post=24488"}],"version-history":[{"count":0,"href":"https:\/\/www.karamantoki.com\/index.php\/wp-json\/wp\/v2\/posts\/24488\/revisions"}],"wp:attachment":[{"href":"https:\/\/www.karamantoki.com\/index.php\/wp-json\/wp\/v2\/media?parent=24488"}],"wp:term":[{"taxonomy":"category","embeddable":true,"href":"https:\/\/www.karamantoki.com\/index.php\/wp-json\/wp\/v2\/categories?post=24488"},{"taxonomy":"post_tag","embeddable":true,"href":"https:\/\/www.karamantoki.com\/index.php\/wp-json\/wp\/v2\/tags?post=24488"}],"curies":[{"name":"wp","href":"https:\/\/api.w.org\/{rel}","templated":true}]}}