{"id":24474,"date":"2026-09-04T18:50:21","date_gmt":"2026-09-04T18:50:21","guid":{"rendered":"https:\/\/www.karamantoki.com\/index.php\/2026\/09\/04\/berhan-simsekten-siddet-goren-ozlem-sanver-ilk-kez-konustu-duzelecek-ozur-dilerim-dedi-inandim\/"},"modified":"2026-09-04T18:50:21","modified_gmt":"2026-09-04T18:50:21","slug":"berhan-simsekten-siddet-goren-ozlem-sanver-ilk-kez-konustu-duzelecek-ozur-dilerim-dedi-inandim","status":"publish","type":"post","link":"https:\/\/www.karamantoki.com\/index.php\/2026\/09\/04\/berhan-simsekten-siddet-goren-ozlem-sanver-ilk-kez-konustu-duzelecek-ozur-dilerim-dedi-inandim\/","title":{"rendered":"Berhan \u015eim\u015fek&apos;ten \u015fiddet g\u00f6ren \u00d6zlem \u015eanver ilk kez konu\u015ftu: &apos;D\u00fczelecek, \u00f6z\u00fcr dilerim\u2019 dedi, inand\u0131m"},"content":{"rendered":"<p>Berhan \u015eim\u015fek\u2019in istifas\u0131na yol a\u00e7an \u015fiddet g\u00f6r\u00fcnt\u00fclerinin ard\u0131ndan g\u00f6zlerin \u00e7evrildi\u011fi \u00d6zlem \u015eanver, 9,5 y\u0131ll\u0131k ili\u015fkisine dair ilk kez konu\u015ftu. Ge\u00e7mi\u015fte de \u015fiddet g\u00f6rd\u00fc\u011f\u00fcn\u00fc ve defalarca ayr\u0131lmay\u0131 denedi\u011fini anlatan \u015eanver, \u201cBurhaniye\u2019de ev tuttum, ayr\u0131l\u0131p kurtulmak istedim. Arkamdan gelip \u2018D\u00fczelecek, \u00f6z\u00fcr dilerim\u2019 dedi, inand\u0131m\u201d s\u00f6zleriyle ya\u015fad\u0131\u011f\u0131 s\u00fcreci anlatt\u0131.<\/p>\n","protected":false},"excerpt":{"rendered":"<p>Berhan \u015eim\u015fek\u2019in istifas\u0131na yol a\u00e7an \u015fiddet g\u00f6r\u00fcnt\u00fclerinin ard\u0131ndan g\u00f6zlerin \u00e7evrildi\u011fi \u00d6zlem \u015eanver, 9,5 y\u0131ll\u0131k ili\u015fkisine dair ilk kez konu\u015ftu. Ge\u00e7mi\u015fte de \u015fiddet g\u00f6rd\u00fc\u011f\u00fcn\u00fc ve defalarca ayr\u0131lmay\u0131 denedi\u011fini anlatan \u015eanver, \u201cBurhaniye\u2019de ev tuttum, ayr\u0131l\u0131p kurtulmak istedim. Arkamdan gelip \u2018D\u00fczelecek, \u00f6z\u00fcr dilerim\u2019 dedi, inand\u0131m\u201d s\u00f6zleriyle ya\u015fad\u0131\u011f\u0131 s\u00fcreci anlatt\u0131.<\/p>\n","protected":false},"author":1,"featured_media":0,"comment_status":"open","ping_status":"open","sticky":false,"template":"","format":"standard","meta":{"_joinchat":[],"footnotes":""},"categories":[1],"tags":[],"class_list":["post-24474","post","type-post","status-publish","format-standard","category-toki"],"_links":{"self":[{"href":"https:\/\/www.karamantoki.com\/index.php\/wp-json\/wp\/v2\/posts\/24474","targetHints":{"allow":["GET"]}}],"collection":[{"href":"https:\/\/www.karamantoki.com\/index.php\/wp-json\/wp\/v2\/posts"}],"about":[{"href":"https:\/\/www.karamantoki.com\/index.php\/wp-json\/wp\/v2\/types\/post"}],"author":[{"embeddable":true,"href":"https:\/\/www.karamantoki.com\/index.php\/wp-json\/wp\/v2\/users\/1"}],"replies":[{"embeddable":true,"href":"https:\/\/www.karamantoki.com\/index.php\/wp-json\/wp\/v2\/comments?post=24474"}],"version-history":[{"count":0,"href":"https:\/\/www.karamantoki.com\/index.php\/wp-json\/wp\/v2\/posts\/24474\/revisions"}],"wp:attachment":[{"href":"https:\/\/www.karamantoki.com\/index.php\/wp-json\/wp\/v2\/media?parent=24474"}],"wp:term":[{"taxonomy":"category","embeddable":true,"href":"https:\/\/www.karamantoki.com\/index.php\/wp-json\/wp\/v2\/categories?post=24474"},{"taxonomy":"post_tag","embeddable":true,"href":"https:\/\/www.karamantoki.com\/index.php\/wp-json\/wp\/v2\/tags?post=24474"}],"curies":[{"name":"wp","href":"https:\/\/api.w.org\/{rel}","templated":true}]}}