{"id":24461,"date":"2026-09-04T16:50:17","date_gmt":"2026-09-04T16:50:17","guid":{"rendered":"https:\/\/www.karamantoki.com\/index.php\/2026\/09\/04\/tbmm-okul-saldirilari-arastirma-komisyonu-rapor-yazim-asamasinda-kahramanmaras-durusmasinda-ailelerden-tepki\/"},"modified":"2026-09-04T16:50:17","modified_gmt":"2026-09-04T16:50:17","slug":"tbmm-okul-saldirilari-arastirma-komisyonu-rapor-yazim-asamasinda-kahramanmaras-durusmasinda-ailelerden-tepki","status":"publish","type":"post","link":"https:\/\/www.karamantoki.com\/index.php\/2026\/09\/04\/tbmm-okul-saldirilari-arastirma-komisyonu-rapor-yazim-asamasinda-kahramanmaras-durusmasinda-ailelerden-tepki\/","title":{"rendered":"TBMM Okul Sald\u0131r\u0131lar\u0131 Ara\u015ft\u0131rma Komisyonu Rapor Yaz\u0131m A\u015famas\u0131nda: Kahramanmara\u015f Duru\u015fmas\u0131nda Ailelerden Tepki"},"content":{"rendered":"<p>Kahramanmara\u015f&#8217;taki okul sald\u0131r\u0131s\u0131nda \u00f6\u011fretmen Ayla Kara ve 9 \u00f6\u011frencinin hayat\u0131n\u0131 kaybetti\u011fi davada, TBMM Okul Sald\u0131r\u0131lar\u0131n\u0131 Ara\u015ft\u0131rma Komisyonu S\u00f6zc\u00fcs\u00fc \u0130sa Mesih \u015eahin, raporun yaz\u0131m a\u015famas\u0131nda oldu\u011funu ve tavsiye niteli\u011finde \u00f6nemli bir rapor haz\u0131rlanaca\u011f\u0131n\u0131 belirtti. \u00d6\u011fretmen Ayla Kara&#8217;n\u0131n e\u015fi Ramazan Kara ise sald\u0131rgan\u0131n anne ve babas\u0131n\u0131 birinci derecede sorumlu tutarak, olas\u0131 kasttan yarg\u0131lanmalar\u0131n\u0131 talep etti.<\/p>\n","protected":false},"excerpt":{"rendered":"<p>Kahramanmara\u015f&#8217;taki okul sald\u0131r\u0131s\u0131nda \u00f6\u011fretmen Ayla Kara ve 9 \u00f6\u011frencinin hayat\u0131n\u0131 kaybetti\u011fi davada, TBMM Okul Sald\u0131r\u0131lar\u0131n\u0131 Ara\u015ft\u0131rma Komisyonu S\u00f6zc\u00fcs\u00fc \u0130sa Mesih \u015eahin, raporun yaz\u0131m a\u015famas\u0131nda oldu\u011funu ve tavsiye niteli\u011finde \u00f6nemli bir rapor haz\u0131rlanaca\u011f\u0131n\u0131 belirtti. \u00d6\u011fretmen Ayla Kara&#8217;n\u0131n e\u015fi Ramazan Kara ise sald\u0131rgan\u0131n anne ve babas\u0131n\u0131 birinci derecede sorumlu tutarak, olas\u0131 kasttan yarg\u0131lanmalar\u0131n\u0131 talep etti.<\/p>\n","protected":false},"author":1,"featured_media":0,"comment_status":"open","ping_status":"open","sticky":false,"template":"","format":"standard","meta":{"_joinchat":[],"footnotes":""},"categories":[1],"tags":[],"class_list":["post-24461","post","type-post","status-publish","format-standard","category-toki"],"_links":{"self":[{"href":"https:\/\/www.karamantoki.com\/index.php\/wp-json\/wp\/v2\/posts\/24461","targetHints":{"allow":["GET"]}}],"collection":[{"href":"https:\/\/www.karamantoki.com\/index.php\/wp-json\/wp\/v2\/posts"}],"about":[{"href":"https:\/\/www.karamantoki.com\/index.php\/wp-json\/wp\/v2\/types\/post"}],"author":[{"embeddable":true,"href":"https:\/\/www.karamantoki.com\/index.php\/wp-json\/wp\/v2\/users\/1"}],"replies":[{"embeddable":true,"href":"https:\/\/www.karamantoki.com\/index.php\/wp-json\/wp\/v2\/comments?post=24461"}],"version-history":[{"count":0,"href":"https:\/\/www.karamantoki.com\/index.php\/wp-json\/wp\/v2\/posts\/24461\/revisions"}],"wp:attachment":[{"href":"https:\/\/www.karamantoki.com\/index.php\/wp-json\/wp\/v2\/media?parent=24461"}],"wp:term":[{"taxonomy":"category","embeddable":true,"href":"https:\/\/www.karamantoki.com\/index.php\/wp-json\/wp\/v2\/categories?post=24461"},{"taxonomy":"post_tag","embeddable":true,"href":"https:\/\/www.karamantoki.com\/index.php\/wp-json\/wp\/v2\/tags?post=24461"}],"curies":[{"name":"wp","href":"https:\/\/api.w.org\/{rel}","templated":true}]}}