{"id":24456,"date":"2026-09-04T14:50:28","date_gmt":"2026-09-04T14:50:28","guid":{"rendered":"https:\/\/www.karamantoki.com\/index.php\/2026\/09\/04\/emeklilerden-enflasyon-ve-zam-tepkisi-refah-degil-sefalet-cogaliyor\/"},"modified":"2026-09-04T14:50:28","modified_gmt":"2026-09-04T14:50:28","slug":"emeklilerden-enflasyon-ve-zam-tepkisi-refah-degil-sefalet-cogaliyor","status":"publish","type":"post","link":"https:\/\/www.karamantoki.com\/index.php\/2026\/09\/04\/emeklilerden-enflasyon-ve-zam-tepkisi-refah-degil-sefalet-cogaliyor\/","title":{"rendered":"Emeklilerden Enflasyon ve Zam Tepkisi: &apos;Refah De\u011fil Sefalet \u00c7o\u011fal\u0131yor&apos;"},"content":{"rendered":"<p>2021 T\u00fcm Emekliler Sendikas\u0131 Mersin \u015eube Ba\u015fkan\u0131 H\u00fcseyin Kurt, emekli ayl\u0131klar\u0131n\u0131n her ge\u00e7en g\u00fcn al\u0131m g\u00fcc\u00fcn\u00fc kaybetti\u011fini belirterek,&#8221;Refah de\u011fil sefalet \u00e7o\u011fal\u0131yor, yoksullukta en dibe do\u011fru bir y\u0131\u011f\u0131lma var. E\u011fer ki emeklinin oturacak bir evi yoksa ayl\u0131\u011f\u0131 kiraya yetmez. Emeklisini, dul ve yetimini, ya\u015fl\u0131s\u0131n\u0131 bu sefalete mecbur eden bir toplum d\u00fczeni gayri insanidir, adil de\u011fildir. Emekliler ilk demokratik se\u00e7imde bunun hesab\u0131n\u0131 sand\u0131kta sormaya kararl\u0131d\u0131r&#8221; dedi.<\/p>\n","protected":false},"excerpt":{"rendered":"<p>2021 T\u00fcm Emekliler Sendikas\u0131 Mersin \u015eube Ba\u015fkan\u0131 H\u00fcseyin Kurt, emekli ayl\u0131klar\u0131n\u0131n her ge\u00e7en g\u00fcn al\u0131m g\u00fcc\u00fcn\u00fc kaybetti\u011fini belirterek,&#8221;Refah de\u011fil sefalet \u00e7o\u011fal\u0131yor, yoksullukta en dibe do\u011fru bir y\u0131\u011f\u0131lma var. E\u011fer ki emeklinin oturacak bir evi yoksa ayl\u0131\u011f\u0131 kiraya yetmez. Emeklisini, dul ve yetimini, ya\u015fl\u0131s\u0131n\u0131 bu sefalete mecbur eden bir toplum d\u00fczeni gayri insanidir, adil de\u011fildir. Emekliler [&hellip;]<\/p>\n","protected":false},"author":1,"featured_media":0,"comment_status":"open","ping_status":"open","sticky":false,"template":"","format":"standard","meta":{"_joinchat":[],"footnotes":""},"categories":[1],"tags":[],"class_list":["post-24456","post","type-post","status-publish","format-standard","category-toki"],"_links":{"self":[{"href":"https:\/\/www.karamantoki.com\/index.php\/wp-json\/wp\/v2\/posts\/24456","targetHints":{"allow":["GET"]}}],"collection":[{"href":"https:\/\/www.karamantoki.com\/index.php\/wp-json\/wp\/v2\/posts"}],"about":[{"href":"https:\/\/www.karamantoki.com\/index.php\/wp-json\/wp\/v2\/types\/post"}],"author":[{"embeddable":true,"href":"https:\/\/www.karamantoki.com\/index.php\/wp-json\/wp\/v2\/users\/1"}],"replies":[{"embeddable":true,"href":"https:\/\/www.karamantoki.com\/index.php\/wp-json\/wp\/v2\/comments?post=24456"}],"version-history":[{"count":0,"href":"https:\/\/www.karamantoki.com\/index.php\/wp-json\/wp\/v2\/posts\/24456\/revisions"}],"wp:attachment":[{"href":"https:\/\/www.karamantoki.com\/index.php\/wp-json\/wp\/v2\/media?parent=24456"}],"wp:term":[{"taxonomy":"category","embeddable":true,"href":"https:\/\/www.karamantoki.com\/index.php\/wp-json\/wp\/v2\/categories?post=24456"},{"taxonomy":"post_tag","embeddable":true,"href":"https:\/\/www.karamantoki.com\/index.php\/wp-json\/wp\/v2\/tags?post=24456"}],"curies":[{"name":"wp","href":"https:\/\/api.w.org\/{rel}","templated":true}]}}