{"id":24447,"date":"2026-09-04T14:50:25","date_gmt":"2026-09-04T14:50:25","guid":{"rendered":"https:\/\/www.karamantoki.com\/index.php\/2026\/09\/04\/asensio-besiktas-macinda-oynayacak-mi\/"},"modified":"2026-09-04T14:50:25","modified_gmt":"2026-09-04T14:50:25","slug":"asensio-besiktas-macinda-oynayacak-mi","status":"publish","type":"post","link":"https:\/\/www.karamantoki.com\/index.php\/2026\/09\/04\/asensio-besiktas-macinda-oynayacak-mi\/","title":{"rendered":"Asensio Be\u015fikta\u015f ma\u00e7\u0131nda oynayacak m\u0131?"},"content":{"rendered":"<p>Marco Asensio&#8217;nun Be\u015fikta\u015f ma\u00e7\u0131nda oynay\u0131p oynamayaca\u011f\u0131, Fenerbah\u00e7e taraftarlar\u0131n\u0131n derbi \u00f6ncesinde en \u00e7ok merak etti\u011fi konular aras\u0131nda yer al\u0131yor. Sakatl\u0131\u011f\u0131 nedeniyle bir s\u00fcredir tak\u0131mdan ayr\u0131 kalan \u0130spanyol y\u0131ld\u0131z\u0131n son durumu yak\u0131ndan takip edilirken, Fenerbah\u00e7e cephesinden gelen son bilgiler do\u011frultusunda Asensio&#8217;nun derbide forma giyip giymeyece\u011fi hen\u00fcz kesinle\u015fmi\u015f de\u011fil.<\/p>\n","protected":false},"excerpt":{"rendered":"<p>Marco Asensio&#8217;nun Be\u015fikta\u015f ma\u00e7\u0131nda oynay\u0131p oynamayaca\u011f\u0131, Fenerbah\u00e7e taraftarlar\u0131n\u0131n derbi \u00f6ncesinde en \u00e7ok merak etti\u011fi konular aras\u0131nda yer al\u0131yor. Sakatl\u0131\u011f\u0131 nedeniyle bir s\u00fcredir tak\u0131mdan ayr\u0131 kalan \u0130spanyol y\u0131ld\u0131z\u0131n son durumu yak\u0131ndan takip edilirken, Fenerbah\u00e7e cephesinden gelen son bilgiler do\u011frultusunda Asensio&#8217;nun derbide forma giyip giymeyece\u011fi hen\u00fcz kesinle\u015fmi\u015f de\u011fil.<\/p>\n","protected":false},"author":1,"featured_media":0,"comment_status":"open","ping_status":"open","sticky":false,"template":"","format":"standard","meta":{"_joinchat":[],"footnotes":""},"categories":[1],"tags":[],"class_list":["post-24447","post","type-post","status-publish","format-standard","category-toki"],"_links":{"self":[{"href":"https:\/\/www.karamantoki.com\/index.php\/wp-json\/wp\/v2\/posts\/24447","targetHints":{"allow":["GET"]}}],"collection":[{"href":"https:\/\/www.karamantoki.com\/index.php\/wp-json\/wp\/v2\/posts"}],"about":[{"href":"https:\/\/www.karamantoki.com\/index.php\/wp-json\/wp\/v2\/types\/post"}],"author":[{"embeddable":true,"href":"https:\/\/www.karamantoki.com\/index.php\/wp-json\/wp\/v2\/users\/1"}],"replies":[{"embeddable":true,"href":"https:\/\/www.karamantoki.com\/index.php\/wp-json\/wp\/v2\/comments?post=24447"}],"version-history":[{"count":0,"href":"https:\/\/www.karamantoki.com\/index.php\/wp-json\/wp\/v2\/posts\/24447\/revisions"}],"wp:attachment":[{"href":"https:\/\/www.karamantoki.com\/index.php\/wp-json\/wp\/v2\/media?parent=24447"}],"wp:term":[{"taxonomy":"category","embeddable":true,"href":"https:\/\/www.karamantoki.com\/index.php\/wp-json\/wp\/v2\/categories?post=24447"},{"taxonomy":"post_tag","embeddable":true,"href":"https:\/\/www.karamantoki.com\/index.php\/wp-json\/wp\/v2\/tags?post=24447"}],"curies":[{"name":"wp","href":"https:\/\/api.w.org\/{rel}","templated":true}]}}