{"id":24433,"date":"2026-09-04T11:50:35","date_gmt":"2026-09-04T11:50:35","guid":{"rendered":"https:\/\/www.karamantoki.com\/index.php\/2026\/09\/04\/usak-valisi-kartal-sosyal-hizmet-ve-yardim-faaliyetlerini-yerinde-inceledi\/"},"modified":"2026-09-04T11:50:35","modified_gmt":"2026-09-04T11:50:35","slug":"usak-valisi-kartal-sosyal-hizmet-ve-yardim-faaliyetlerini-yerinde-inceledi","status":"publish","type":"post","link":"https:\/\/www.karamantoki.com\/index.php\/2026\/09\/04\/usak-valisi-kartal-sosyal-hizmet-ve-yardim-faaliyetlerini-yerinde-inceledi\/","title":{"rendered":"U\u015fak Valisi Kartal, sosyal hizmet ve yard\u0131m faaliyetlerini yerinde inceledi"},"content":{"rendered":"<p>U\u015fak Valisi Dr. Serdar Kartal, Aile ve Sosyal Hizmetler \u0130l M\u00fcd\u00fcrl\u00fc\u011f\u00fc ile Sosyal Yard\u0131mla\u015fma ve Dayan\u0131\u015fma Vakf\u0131n\u0131 ziyaret ederek, \u00e7ocuk, ya\u015fl\u0131, engelli bireyler, \u015fehit yak\u0131nlar\u0131 ve gazilere y\u00f6nelik sunulan hizmetler ile ihtiya\u00e7 sahibi vatanda\u015flara y\u00f6nelik sosyal yard\u0131m faaliyetleri hakk\u0131nda bilgi ald\u0131 ve personelle de\u011ferlendirme toplant\u0131lar\u0131 ger\u00e7ekle\u015ftirdi.<\/p>\n","protected":false},"excerpt":{"rendered":"<p>U\u015fak Valisi Dr. Serdar Kartal, Aile ve Sosyal Hizmetler \u0130l M\u00fcd\u00fcrl\u00fc\u011f\u00fc ile Sosyal Yard\u0131mla\u015fma ve Dayan\u0131\u015fma Vakf\u0131n\u0131 ziyaret ederek, \u00e7ocuk, ya\u015fl\u0131, engelli bireyler, \u015fehit yak\u0131nlar\u0131 ve gazilere y\u00f6nelik sunulan hizmetler ile ihtiya\u00e7 sahibi vatanda\u015flara y\u00f6nelik sosyal yard\u0131m faaliyetleri hakk\u0131nda bilgi ald\u0131 ve personelle de\u011ferlendirme toplant\u0131lar\u0131 ger\u00e7ekle\u015ftirdi.<\/p>\n","protected":false},"author":1,"featured_media":0,"comment_status":"open","ping_status":"open","sticky":false,"template":"","format":"standard","meta":{"_joinchat":[],"footnotes":""},"categories":[1],"tags":[],"class_list":["post-24433","post","type-post","status-publish","format-standard","category-toki"],"_links":{"self":[{"href":"https:\/\/www.karamantoki.com\/index.php\/wp-json\/wp\/v2\/posts\/24433","targetHints":{"allow":["GET"]}}],"collection":[{"href":"https:\/\/www.karamantoki.com\/index.php\/wp-json\/wp\/v2\/posts"}],"about":[{"href":"https:\/\/www.karamantoki.com\/index.php\/wp-json\/wp\/v2\/types\/post"}],"author":[{"embeddable":true,"href":"https:\/\/www.karamantoki.com\/index.php\/wp-json\/wp\/v2\/users\/1"}],"replies":[{"embeddable":true,"href":"https:\/\/www.karamantoki.com\/index.php\/wp-json\/wp\/v2\/comments?post=24433"}],"version-history":[{"count":0,"href":"https:\/\/www.karamantoki.com\/index.php\/wp-json\/wp\/v2\/posts\/24433\/revisions"}],"wp:attachment":[{"href":"https:\/\/www.karamantoki.com\/index.php\/wp-json\/wp\/v2\/media?parent=24433"}],"wp:term":[{"taxonomy":"category","embeddable":true,"href":"https:\/\/www.karamantoki.com\/index.php\/wp-json\/wp\/v2\/categories?post=24433"},{"taxonomy":"post_tag","embeddable":true,"href":"https:\/\/www.karamantoki.com\/index.php\/wp-json\/wp\/v2\/tags?post=24433"}],"curies":[{"name":"wp","href":"https:\/\/api.w.org\/{rel}","templated":true}]}}