{"id":24428,"date":"2026-09-04T11:50:33","date_gmt":"2026-09-04T11:50:33","guid":{"rendered":"https:\/\/www.karamantoki.com\/index.php\/2026\/09\/04\/bmw-i4un-yerine-yeni-nesil-i3-ve-elektrikli-modeller-geliyor\/"},"modified":"2026-09-04T11:50:33","modified_gmt":"2026-09-04T11:50:33","slug":"bmw-i4un-yerine-yeni-nesil-i3-ve-elektrikli-modeller-geliyor","status":"publish","type":"post","link":"https:\/\/www.karamantoki.com\/index.php\/2026\/09\/04\/bmw-i4un-yerine-yeni-nesil-i3-ve-elektrikli-modeller-geliyor\/","title":{"rendered":"BMW i4&apos;\u00fcn Yerine Yeni Nesil i3 ve Elektrikli Modeller Geliyor"},"content":{"rendered":"<p>BMW, elektrikli ara\u00e7 ailesinde k\u00f6kl\u00fc bir de\u011fi\u015fime haz\u0131rlan\u0131yor. Ya\u015flanan i4 modelinin \u00fcretimini sonland\u0131racak olan Alman \u00fcretici, teknik olarak i4&#8217;\u00fcn halefi olacak yeni i3&#8217;\u00fc ve Neue Klasse mimarisi \u00fczerine in\u015fa edilecek elektrikli cabrio ile i3 Touring modellerini tan\u0131tmay\u0131 planl\u0131yor. i4&#8217;\u00fcn \u00fcretimi pazara ba\u011fl\u0131 olarak en ge\u00e7 2027&#8217;nin ilk \u00e7eyre\u011finde sona erecek; i3 Touring&#8217;in ise 2027 ortalar\u0131nda yollara \u00e7\u0131kmas\u0131 bekleniyor.<\/p>\n","protected":false},"excerpt":{"rendered":"<p>BMW, elektrikli ara\u00e7 ailesinde k\u00f6kl\u00fc bir de\u011fi\u015fime haz\u0131rlan\u0131yor. Ya\u015flanan i4 modelinin \u00fcretimini sonland\u0131racak olan Alman \u00fcretici, teknik olarak i4&#8217;\u00fcn halefi olacak yeni i3&#8217;\u00fc ve Neue Klasse mimarisi \u00fczerine in\u015fa edilecek elektrikli cabrio ile i3 Touring modellerini tan\u0131tmay\u0131 planl\u0131yor. i4&#8217;\u00fcn \u00fcretimi pazara ba\u011fl\u0131 olarak en ge\u00e7 2027&#8217;nin ilk \u00e7eyre\u011finde sona erecek; i3 Touring&#8217;in ise 2027 ortalar\u0131nda [&hellip;]<\/p>\n","protected":false},"author":1,"featured_media":0,"comment_status":"open","ping_status":"open","sticky":false,"template":"","format":"standard","meta":{"_joinchat":[],"footnotes":""},"categories":[1],"tags":[],"class_list":["post-24428","post","type-post","status-publish","format-standard","category-toki"],"_links":{"self":[{"href":"https:\/\/www.karamantoki.com\/index.php\/wp-json\/wp\/v2\/posts\/24428","targetHints":{"allow":["GET"]}}],"collection":[{"href":"https:\/\/www.karamantoki.com\/index.php\/wp-json\/wp\/v2\/posts"}],"about":[{"href":"https:\/\/www.karamantoki.com\/index.php\/wp-json\/wp\/v2\/types\/post"}],"author":[{"embeddable":true,"href":"https:\/\/www.karamantoki.com\/index.php\/wp-json\/wp\/v2\/users\/1"}],"replies":[{"embeddable":true,"href":"https:\/\/www.karamantoki.com\/index.php\/wp-json\/wp\/v2\/comments?post=24428"}],"version-history":[{"count":0,"href":"https:\/\/www.karamantoki.com\/index.php\/wp-json\/wp\/v2\/posts\/24428\/revisions"}],"wp:attachment":[{"href":"https:\/\/www.karamantoki.com\/index.php\/wp-json\/wp\/v2\/media?parent=24428"}],"wp:term":[{"taxonomy":"category","embeddable":true,"href":"https:\/\/www.karamantoki.com\/index.php\/wp-json\/wp\/v2\/categories?post=24428"},{"taxonomy":"post_tag","embeddable":true,"href":"https:\/\/www.karamantoki.com\/index.php\/wp-json\/wp\/v2\/tags?post=24428"}],"curies":[{"name":"wp","href":"https:\/\/api.w.org\/{rel}","templated":true}]}}