{"id":24410,"date":"2026-09-04T08:50:16","date_gmt":"2026-09-04T08:50:16","guid":{"rendered":"https:\/\/www.karamantoki.com\/index.php\/2026\/09\/04\/chpli-berhan-simsekin-siddet-iddialarina-iliskin-guvenlik-kamerasi-goruntuleri-ortaya-cikti\/"},"modified":"2026-09-04T08:50:16","modified_gmt":"2026-09-04T08:50:16","slug":"chpli-berhan-simsekin-siddet-iddialarina-iliskin-guvenlik-kamerasi-goruntuleri-ortaya-cikti","status":"publish","type":"post","link":"https:\/\/www.karamantoki.com\/index.php\/2026\/09\/04\/chpli-berhan-simsekin-siddet-iddialarina-iliskin-guvenlik-kamerasi-goruntuleri-ortaya-cikti\/","title":{"rendered":"CHP&apos;li Berhan \u015eim\u015fek&apos;in \u015fiddet iddialar\u0131na ili\u015fkin g\u00fcvenlik kameras\u0131 g\u00f6r\u00fcnt\u00fcleri ortaya \u00e7\u0131kt\u0131"},"content":{"rendered":"<p>CHP Genel Ba\u015fkan Yard\u0131mc\u0131s\u0131 Berhan \u015eim\u015fek&#8217;in, 10 y\u0131ll\u0131k birlikte ya\u015fad\u0131\u011f\u0131 \u00d6zlem \u015eanver&#8217;e fiziksel ve psikolojik \u015fiddet uygulad\u0131\u011f\u0131 iddias\u0131yla ilgili mahkeme karar\u0131 ve g\u00fcvenlik kameras\u0131 g\u00f6r\u00fcnt\u00fcleri g\u00fcndeme geldi. \u0130stanbul Anadolu 1. Aile Mahkemesi, 6284 Say\u0131l\u0131 Kanun kapsam\u0131nda \u015eim\u015fek hakk\u0131nda iki ay s\u00fcreyle uzakla\u015ft\u0131rma karar\u0131 verdi; karar iki ay daha uzat\u0131ld\u0131. G\u00f6r\u00fcnt\u00fclerde taraflar aras\u0131ndaki gerginlik anlar\u0131 yer al\u0131rken inceleme s\u00fcr\u00fcyor.<\/p>\n","protected":false},"excerpt":{"rendered":"<p>CHP Genel Ba\u015fkan Yard\u0131mc\u0131s\u0131 Berhan \u015eim\u015fek&#8217;in, 10 y\u0131ll\u0131k birlikte ya\u015fad\u0131\u011f\u0131 \u00d6zlem \u015eanver&#8217;e fiziksel ve psikolojik \u015fiddet uygulad\u0131\u011f\u0131 iddias\u0131yla ilgili mahkeme karar\u0131 ve g\u00fcvenlik kameras\u0131 g\u00f6r\u00fcnt\u00fcleri g\u00fcndeme geldi. \u0130stanbul Anadolu 1. Aile Mahkemesi, 6284 Say\u0131l\u0131 Kanun kapsam\u0131nda \u015eim\u015fek hakk\u0131nda iki ay s\u00fcreyle uzakla\u015ft\u0131rma karar\u0131 verdi; karar iki ay daha uzat\u0131ld\u0131. G\u00f6r\u00fcnt\u00fclerde taraflar aras\u0131ndaki gerginlik anlar\u0131 yer [&hellip;]<\/p>\n","protected":false},"author":1,"featured_media":0,"comment_status":"open","ping_status":"open","sticky":false,"template":"","format":"standard","meta":{"_joinchat":[],"footnotes":""},"categories":[1],"tags":[],"class_list":["post-24410","post","type-post","status-publish","format-standard","category-toki"],"_links":{"self":[{"href":"https:\/\/www.karamantoki.com\/index.php\/wp-json\/wp\/v2\/posts\/24410","targetHints":{"allow":["GET"]}}],"collection":[{"href":"https:\/\/www.karamantoki.com\/index.php\/wp-json\/wp\/v2\/posts"}],"about":[{"href":"https:\/\/www.karamantoki.com\/index.php\/wp-json\/wp\/v2\/types\/post"}],"author":[{"embeddable":true,"href":"https:\/\/www.karamantoki.com\/index.php\/wp-json\/wp\/v2\/users\/1"}],"replies":[{"embeddable":true,"href":"https:\/\/www.karamantoki.com\/index.php\/wp-json\/wp\/v2\/comments?post=24410"}],"version-history":[{"count":0,"href":"https:\/\/www.karamantoki.com\/index.php\/wp-json\/wp\/v2\/posts\/24410\/revisions"}],"wp:attachment":[{"href":"https:\/\/www.karamantoki.com\/index.php\/wp-json\/wp\/v2\/media?parent=24410"}],"wp:term":[{"taxonomy":"category","embeddable":true,"href":"https:\/\/www.karamantoki.com\/index.php\/wp-json\/wp\/v2\/categories?post=24410"},{"taxonomy":"post_tag","embeddable":true,"href":"https:\/\/www.karamantoki.com\/index.php\/wp-json\/wp\/v2\/tags?post=24410"}],"curies":[{"name":"wp","href":"https:\/\/api.w.org\/{rel}","templated":true}]}}