{"id":24401,"date":"2026-09-04T06:50:16","date_gmt":"2026-09-04T06:50:16","guid":{"rendered":"https:\/\/www.karamantoki.com\/index.php\/2026\/09\/04\/kahramanmarastaki-okul-saldirisi-davasinda-ilk-durusma-avukat-kara-tarihin-en-hunharca-islenmis-katliamlardan-birinin-yargilanmasina-baslaniyor\/"},"modified":"2026-09-04T06:50:16","modified_gmt":"2026-09-04T06:50:16","slug":"kahramanmarastaki-okul-saldirisi-davasinda-ilk-durusma-avukat-kara-tarihin-en-hunharca-islenmis-katliamlardan-birinin-yargilanmasina-baslaniyor","status":"publish","type":"post","link":"https:\/\/www.karamantoki.com\/index.php\/2026\/09\/04\/kahramanmarastaki-okul-saldirisi-davasinda-ilk-durusma-avukat-kara-tarihin-en-hunharca-islenmis-katliamlardan-birinin-yargilanmasina-baslaniyor\/","title":{"rendered":"Kahramanmara\u015f&apos;taki okul sald\u0131r\u0131s\u0131 davas\u0131nda ilk duru\u015fma\u2026 Avukat Kara: \u201cTarihin en hunharca i\u015flenmi\u015f katliamlardan birinin yarg\u0131lanmas\u0131na ba\u015flan\u0131yor\u201d"},"content":{"rendered":"<p>Kahramanmara\u015f&#8217;ta Ayla Kara adl\u0131 \u00f6\u011fretmen ile 9 \u00f6\u011frencinin hayat\u0131n\u0131 kaybetti\u011fi okul sald\u0131r\u0131s\u0131na ili\u015fkin davan\u0131n ilk duru\u015fmas\u0131 Kahramanmara\u015f 3. A\u011f\u0131r Ceza Mahkemesi&#8217;nde g\u00f6r\u00fclmeye ba\u015flad\u0131. Sald\u0131r\u0131da hayat\u0131n\u0131 kaybeden \u00f6\u011fretmen Ayla Kara&#8217;n\u0131n avukat\u0131 \u00d6zcan Kara duru\u015fma \u00f6ncesinde yapt\u0131\u011f\u0131 a\u00e7\u0131klamada, &#8220;Bug\u00fcn T\u00fcrkiye Cumhuriyeti tarihinde en hunharca i\u015flenmi\u015f katliamlardan birinin yarg\u0131lanmas\u0131na ba\u015flan\u0131yor. Bu yarg\u0131lama ve sonunda verilecek karar, bundan sonra ebeveynlerin \u00e7ocuklar\u0131n e\u011fitim ve g\u00f6zetimi konusunda \u00e7ok \u00f6nemli bir hukuki belge olacak ve topluma y\u00f6n verecektir&#8221; dedi. Mahkeme Ba\u015fkan\u0131,\u00a0salonun fiziki yetersizli\u011fi nedeniyle bas\u0131n\u0131n duru\u015fmay\u0131 takip etmesine izin verilmeyece\u011fini a\u00e7\u0131klad\u0131.<\/p>\n","protected":false},"excerpt":{"rendered":"<p>Kahramanmara\u015f&#8217;ta Ayla Kara adl\u0131 \u00f6\u011fretmen ile 9 \u00f6\u011frencinin hayat\u0131n\u0131 kaybetti\u011fi okul sald\u0131r\u0131s\u0131na ili\u015fkin davan\u0131n ilk duru\u015fmas\u0131 Kahramanmara\u015f 3. A\u011f\u0131r Ceza Mahkemesi&#8217;nde g\u00f6r\u00fclmeye ba\u015flad\u0131. Sald\u0131r\u0131da hayat\u0131n\u0131 kaybeden \u00f6\u011fretmen Ayla Kara&#8217;n\u0131n avukat\u0131 \u00d6zcan Kara duru\u015fma \u00f6ncesinde yapt\u0131\u011f\u0131 a\u00e7\u0131klamada, &#8220;Bug\u00fcn T\u00fcrkiye Cumhuriyeti tarihinde en hunharca i\u015flenmi\u015f katliamlardan birinin yarg\u0131lanmas\u0131na ba\u015flan\u0131yor. Bu yarg\u0131lama ve sonunda verilecek karar, bundan sonra [&hellip;]<\/p>\n","protected":false},"author":1,"featured_media":0,"comment_status":"open","ping_status":"open","sticky":false,"template":"","format":"standard","meta":{"_joinchat":[],"footnotes":""},"categories":[1],"tags":[],"class_list":["post-24401","post","type-post","status-publish","format-standard","category-toki"],"_links":{"self":[{"href":"https:\/\/www.karamantoki.com\/index.php\/wp-json\/wp\/v2\/posts\/24401","targetHints":{"allow":["GET"]}}],"collection":[{"href":"https:\/\/www.karamantoki.com\/index.php\/wp-json\/wp\/v2\/posts"}],"about":[{"href":"https:\/\/www.karamantoki.com\/index.php\/wp-json\/wp\/v2\/types\/post"}],"author":[{"embeddable":true,"href":"https:\/\/www.karamantoki.com\/index.php\/wp-json\/wp\/v2\/users\/1"}],"replies":[{"embeddable":true,"href":"https:\/\/www.karamantoki.com\/index.php\/wp-json\/wp\/v2\/comments?post=24401"}],"version-history":[{"count":0,"href":"https:\/\/www.karamantoki.com\/index.php\/wp-json\/wp\/v2\/posts\/24401\/revisions"}],"wp:attachment":[{"href":"https:\/\/www.karamantoki.com\/index.php\/wp-json\/wp\/v2\/media?parent=24401"}],"wp:term":[{"taxonomy":"category","embeddable":true,"href":"https:\/\/www.karamantoki.com\/index.php\/wp-json\/wp\/v2\/categories?post=24401"},{"taxonomy":"post_tag","embeddable":true,"href":"https:\/\/www.karamantoki.com\/index.php\/wp-json\/wp\/v2\/tags?post=24401"}],"curies":[{"name":"wp","href":"https:\/\/api.w.org\/{rel}","templated":true}]}}