{"id":24395,"date":"2026-09-04T06:50:14","date_gmt":"2026-09-04T06:50:14","guid":{"rendered":"https:\/\/www.karamantoki.com\/index.php\/2026\/09\/04\/21-yillik-dostluga-yakismadi-sebnem-ferah-ve-eski-gitaristi-karsi-karsiya\/"},"modified":"2026-09-04T06:50:14","modified_gmt":"2026-09-04T06:50:14","slug":"21-yillik-dostluga-yakismadi-sebnem-ferah-ve-eski-gitaristi-karsi-karsiya","status":"publish","type":"post","link":"https:\/\/www.karamantoki.com\/index.php\/2026\/09\/04\/21-yillik-dostluga-yakismadi-sebnem-ferah-ve-eski-gitaristi-karsi-karsiya\/","title":{"rendered":"21 y\u0131ll\u0131k dostlu\u011fa yak\u0131\u015fmad\u0131! \u015eebnem Ferah ve eski gitaristi kar\u015f\u0131 kar\u015f\u0131ya"},"content":{"rendered":"<p>Pentagram grubundan ge\u00e7ti\u011fimiz g\u00fcnlerde ayr\u0131lan gitarist Metin T\u00fcrkcan, 21 y\u0131l boyunca birlikte sahne ald\u0131\u011f\u0131 ve 2017\u2019de yollar\u0131n\u0131 ay\u0131rd\u0131\u011f\u0131 \u015eebnem Ferah\u2019a sosyal medya \u00fczerinden tepki g\u00f6sterdi. T\u00fcrkcan, Ferah\u2019\u0131n sahnede kendi \u00e7ald\u0131\u011f\u0131 gitar kay\u0131tlar\u0131n\u0131 kullanmaya devam etti\u011fini \u00f6ne s\u00fcrd\u00fc.<\/p>\n","protected":false},"excerpt":{"rendered":"<p>Pentagram grubundan ge\u00e7ti\u011fimiz g\u00fcnlerde ayr\u0131lan gitarist Metin T\u00fcrkcan, 21 y\u0131l boyunca birlikte sahne ald\u0131\u011f\u0131 ve 2017\u2019de yollar\u0131n\u0131 ay\u0131rd\u0131\u011f\u0131 \u015eebnem Ferah\u2019a sosyal medya \u00fczerinden tepki g\u00f6sterdi. T\u00fcrkcan, Ferah\u2019\u0131n sahnede kendi \u00e7ald\u0131\u011f\u0131 gitar kay\u0131tlar\u0131n\u0131 kullanmaya devam etti\u011fini \u00f6ne s\u00fcrd\u00fc.<\/p>\n","protected":false},"author":1,"featured_media":0,"comment_status":"open","ping_status":"open","sticky":false,"template":"","format":"standard","meta":{"_joinchat":[],"footnotes":""},"categories":[1],"tags":[],"class_list":["post-24395","post","type-post","status-publish","format-standard","category-toki"],"_links":{"self":[{"href":"https:\/\/www.karamantoki.com\/index.php\/wp-json\/wp\/v2\/posts\/24395","targetHints":{"allow":["GET"]}}],"collection":[{"href":"https:\/\/www.karamantoki.com\/index.php\/wp-json\/wp\/v2\/posts"}],"about":[{"href":"https:\/\/www.karamantoki.com\/index.php\/wp-json\/wp\/v2\/types\/post"}],"author":[{"embeddable":true,"href":"https:\/\/www.karamantoki.com\/index.php\/wp-json\/wp\/v2\/users\/1"}],"replies":[{"embeddable":true,"href":"https:\/\/www.karamantoki.com\/index.php\/wp-json\/wp\/v2\/comments?post=24395"}],"version-history":[{"count":0,"href":"https:\/\/www.karamantoki.com\/index.php\/wp-json\/wp\/v2\/posts\/24395\/revisions"}],"wp:attachment":[{"href":"https:\/\/www.karamantoki.com\/index.php\/wp-json\/wp\/v2\/media?parent=24395"}],"wp:term":[{"taxonomy":"category","embeddable":true,"href":"https:\/\/www.karamantoki.com\/index.php\/wp-json\/wp\/v2\/categories?post=24395"},{"taxonomy":"post_tag","embeddable":true,"href":"https:\/\/www.karamantoki.com\/index.php\/wp-json\/wp\/v2\/tags?post=24395"}],"curies":[{"name":"wp","href":"https:\/\/api.w.org\/{rel}","templated":true}]}}