{"id":24394,"date":"2026-09-04T04:50:25","date_gmt":"2026-09-04T04:50:25","guid":{"rendered":"https:\/\/www.karamantoki.com\/index.php\/2026\/09\/04\/volkswagenden-tarihi-karar-seat-markasi-kademeli-olarak-piyasadan-cekiliyor\/"},"modified":"2026-09-04T04:50:25","modified_gmt":"2026-09-04T04:50:25","slug":"volkswagenden-tarihi-karar-seat-markasi-kademeli-olarak-piyasadan-cekiliyor","status":"publish","type":"post","link":"https:\/\/www.karamantoki.com\/index.php\/2026\/09\/04\/volkswagenden-tarihi-karar-seat-markasi-kademeli-olarak-piyasadan-cekiliyor\/","title":{"rendered":"Volkswagen&apos;den tarihi karar: Seat markas\u0131 kademeli olarak piyasadan \u00e7ekiliyor"},"content":{"rendered":"<p>Volkswagen, maliyetleri d\u00fc\u015f\u00fcrmek ve marka yap\u0131s\u0131n\u0131 sadele\u015ftirmek i\u00e7in Seat&#8217;\u0131 2029&#8217;a kadar piyasadan \u00e7ekmeyi planl\u0131yor. Gizli raporda, b\u00fcy\u00fcme hedeflerinin tamamen karde\u015f marka Cupra&#8217;ya kayd\u0131r\u0131laca\u011f\u0131 ve Almanya&#8217;daki d\u00f6rt fabrikada \u00fcretimin kademeli olarak durdurulaca\u011f\u0131 belirtiliyor.<\/p>\n","protected":false},"excerpt":{"rendered":"<p>Volkswagen, maliyetleri d\u00fc\u015f\u00fcrmek ve marka yap\u0131s\u0131n\u0131 sadele\u015ftirmek i\u00e7in Seat&#8217;\u0131 2029&#8217;a kadar piyasadan \u00e7ekmeyi planl\u0131yor. Gizli raporda, b\u00fcy\u00fcme hedeflerinin tamamen karde\u015f marka Cupra&#8217;ya kayd\u0131r\u0131laca\u011f\u0131 ve Almanya&#8217;daki d\u00f6rt fabrikada \u00fcretimin kademeli olarak durdurulaca\u011f\u0131 belirtiliyor.<\/p>\n","protected":false},"author":1,"featured_media":0,"comment_status":"open","ping_status":"open","sticky":false,"template":"","format":"standard","meta":{"_joinchat":[],"footnotes":""},"categories":[1],"tags":[],"class_list":["post-24394","post","type-post","status-publish","format-standard","category-toki"],"_links":{"self":[{"href":"https:\/\/www.karamantoki.com\/index.php\/wp-json\/wp\/v2\/posts\/24394","targetHints":{"allow":["GET"]}}],"collection":[{"href":"https:\/\/www.karamantoki.com\/index.php\/wp-json\/wp\/v2\/posts"}],"about":[{"href":"https:\/\/www.karamantoki.com\/index.php\/wp-json\/wp\/v2\/types\/post"}],"author":[{"embeddable":true,"href":"https:\/\/www.karamantoki.com\/index.php\/wp-json\/wp\/v2\/users\/1"}],"replies":[{"embeddable":true,"href":"https:\/\/www.karamantoki.com\/index.php\/wp-json\/wp\/v2\/comments?post=24394"}],"version-history":[{"count":0,"href":"https:\/\/www.karamantoki.com\/index.php\/wp-json\/wp\/v2\/posts\/24394\/revisions"}],"wp:attachment":[{"href":"https:\/\/www.karamantoki.com\/index.php\/wp-json\/wp\/v2\/media?parent=24394"}],"wp:term":[{"taxonomy":"category","embeddable":true,"href":"https:\/\/www.karamantoki.com\/index.php\/wp-json\/wp\/v2\/categories?post=24394"},{"taxonomy":"post_tag","embeddable":true,"href":"https:\/\/www.karamantoki.com\/index.php\/wp-json\/wp\/v2\/tags?post=24394"}],"curies":[{"name":"wp","href":"https:\/\/api.w.org\/{rel}","templated":true}]}}