{"id":24369,"date":"2026-09-03T22:50:24","date_gmt":"2026-09-03T22:50:24","guid":{"rendered":"https:\/\/www.karamantoki.com\/index.php\/2026\/09\/03\/yemende-husi-lider-olduruldu-2-iha-dusuruldu\/"},"modified":"2026-09-03T22:50:24","modified_gmt":"2026-09-03T22:50:24","slug":"yemende-husi-lider-olduruldu-2-iha-dusuruldu","status":"publish","type":"post","link":"https:\/\/www.karamantoki.com\/index.php\/2026\/09\/03\/yemende-husi-lider-olduruldu-2-iha-dusuruldu\/","title":{"rendered":"Yemen&apos;de Husi lider \u00f6ld\u00fcr\u00fcld\u00fc, 2 \u0130HA d\u00fc\u015f\u00fcr\u00fcld\u00fc"},"content":{"rendered":"<p>Yemen&#8217;de uluslararas\u0131 toplum taraf\u0131ndan tan\u0131nan Aden merkezli h\u00fck\u00fcmete ba\u011fl\u0131 Ulusal Direni\u015f G\u00fc\u00e7leri, Taiz vilayetinin bat\u0131s\u0131nda d\u00fczenledikleri operasyonlarda \u00fcst d\u00fczey bir Husi liderinin \u00f6ld\u00fcr\u00fcld\u00fc\u011f\u00fcn\u00fc ve iki kamikaze insans\u0131z hava arac\u0131n\u0131n (\u0130HA) d\u00fc\u015f\u00fcr\u00fcld\u00fc\u011f\u00fcn\u00fc duyurdu.<\/p>\n","protected":false},"excerpt":{"rendered":"<p>Yemen&#8217;de uluslararas\u0131 toplum taraf\u0131ndan tan\u0131nan Aden merkezli h\u00fck\u00fcmete ba\u011fl\u0131 Ulusal Direni\u015f G\u00fc\u00e7leri, Taiz vilayetinin bat\u0131s\u0131nda d\u00fczenledikleri operasyonlarda \u00fcst d\u00fczey bir Husi liderinin \u00f6ld\u00fcr\u00fcld\u00fc\u011f\u00fcn\u00fc ve iki kamikaze insans\u0131z hava arac\u0131n\u0131n (\u0130HA) d\u00fc\u015f\u00fcr\u00fcld\u00fc\u011f\u00fcn\u00fc duyurdu.<\/p>\n","protected":false},"author":1,"featured_media":0,"comment_status":"open","ping_status":"open","sticky":false,"template":"","format":"standard","meta":{"_joinchat":[],"footnotes":""},"categories":[1],"tags":[],"class_list":["post-24369","post","type-post","status-publish","format-standard","category-toki"],"_links":{"self":[{"href":"https:\/\/www.karamantoki.com\/index.php\/wp-json\/wp\/v2\/posts\/24369","targetHints":{"allow":["GET"]}}],"collection":[{"href":"https:\/\/www.karamantoki.com\/index.php\/wp-json\/wp\/v2\/posts"}],"about":[{"href":"https:\/\/www.karamantoki.com\/index.php\/wp-json\/wp\/v2\/types\/post"}],"author":[{"embeddable":true,"href":"https:\/\/www.karamantoki.com\/index.php\/wp-json\/wp\/v2\/users\/1"}],"replies":[{"embeddable":true,"href":"https:\/\/www.karamantoki.com\/index.php\/wp-json\/wp\/v2\/comments?post=24369"}],"version-history":[{"count":0,"href":"https:\/\/www.karamantoki.com\/index.php\/wp-json\/wp\/v2\/posts\/24369\/revisions"}],"wp:attachment":[{"href":"https:\/\/www.karamantoki.com\/index.php\/wp-json\/wp\/v2\/media?parent=24369"}],"wp:term":[{"taxonomy":"category","embeddable":true,"href":"https:\/\/www.karamantoki.com\/index.php\/wp-json\/wp\/v2\/categories?post=24369"},{"taxonomy":"post_tag","embeddable":true,"href":"https:\/\/www.karamantoki.com\/index.php\/wp-json\/wp\/v2\/tags?post=24369"}],"curies":[{"name":"wp","href":"https:\/\/api.w.org\/{rel}","templated":true}]}}