{"id":24354,"date":"2026-09-03T21:50:19","date_gmt":"2026-09-03T21:50:19","guid":{"rendered":"https:\/\/www.karamantoki.com\/index.php\/2026\/09\/03\/sol-parti-eskisehirdeki-saglik-alanlari-halkin-mucadelesiyle-ozellestirme-kapsamindan-cikarildi\/"},"modified":"2026-09-03T21:50:19","modified_gmt":"2026-09-03T21:50:19","slug":"sol-parti-eskisehirdeki-saglik-alanlari-halkin-mucadelesiyle-ozellestirme-kapsamindan-cikarildi","status":"publish","type":"post","link":"https:\/\/www.karamantoki.com\/index.php\/2026\/09\/03\/sol-parti-eskisehirdeki-saglik-alanlari-halkin-mucadelesiyle-ozellestirme-kapsamindan-cikarildi\/","title":{"rendered":"SOL Parti: Eski\u015fehir&apos;deki sa\u011fl\u0131k alanlar\u0131 halk\u0131n m\u00fccadelesiyle \u00f6zelle\u015ftirme kapsam\u0131ndan \u00e7\u0131kar\u0131ld\u0131"},"content":{"rendered":"<p>SOL Parti Eski\u015fehir \u0130l Ba\u015fkan\u0131 H\u00fcseyin \u00d6zt\u00fcrk,\u00a0konuya ili\u015fkin karar Resmi Gazete&#8217;de yay\u0131mlanmam\u0131\u015f olsa da iktidar milletvekillerinin eski Devlet Hastanesi arsas\u0131yla Hava Hastanesi&#8217;nin \u00f6zelle\u015ftirme karar\u0131n\u0131n iptaline ili\u015fkin a\u00e7\u0131klamalar yapt\u0131klar\u0131n\u0131 ifade ederek, &#8220;Eski\u015fehir&#8217;deki sa\u011fl\u0131kla ilgili alanlar demokratik kurulu\u015flar ve Eski\u015fehirlilerin m\u00fccadelesi ile \u00f6zelle\u015ftirme kapsam\u0131 d\u0131\u015f\u0131na \u00e7\u0131kar\u0131lm\u0131\u015ft\u0131r&#8221; dedi.<\/p>\n","protected":false},"excerpt":{"rendered":"<p>SOL Parti Eski\u015fehir \u0130l Ba\u015fkan\u0131 H\u00fcseyin \u00d6zt\u00fcrk,\u00a0konuya ili\u015fkin karar Resmi Gazete&#8217;de yay\u0131mlanmam\u0131\u015f olsa da iktidar milletvekillerinin eski Devlet Hastanesi arsas\u0131yla Hava Hastanesi&#8217;nin \u00f6zelle\u015ftirme karar\u0131n\u0131n iptaline ili\u015fkin a\u00e7\u0131klamalar yapt\u0131klar\u0131n\u0131 ifade ederek, &#8220;Eski\u015fehir&#8217;deki sa\u011fl\u0131kla ilgili alanlar demokratik kurulu\u015flar ve Eski\u015fehirlilerin m\u00fccadelesi ile \u00f6zelle\u015ftirme kapsam\u0131 d\u0131\u015f\u0131na \u00e7\u0131kar\u0131lm\u0131\u015ft\u0131r&#8221; dedi.<\/p>\n","protected":false},"author":1,"featured_media":0,"comment_status":"open","ping_status":"open","sticky":false,"template":"","format":"standard","meta":{"_joinchat":[],"footnotes":""},"categories":[1],"tags":[],"class_list":["post-24354","post","type-post","status-publish","format-standard","category-toki"],"_links":{"self":[{"href":"https:\/\/www.karamantoki.com\/index.php\/wp-json\/wp\/v2\/posts\/24354","targetHints":{"allow":["GET"]}}],"collection":[{"href":"https:\/\/www.karamantoki.com\/index.php\/wp-json\/wp\/v2\/posts"}],"about":[{"href":"https:\/\/www.karamantoki.com\/index.php\/wp-json\/wp\/v2\/types\/post"}],"author":[{"embeddable":true,"href":"https:\/\/www.karamantoki.com\/index.php\/wp-json\/wp\/v2\/users\/1"}],"replies":[{"embeddable":true,"href":"https:\/\/www.karamantoki.com\/index.php\/wp-json\/wp\/v2\/comments?post=24354"}],"version-history":[{"count":0,"href":"https:\/\/www.karamantoki.com\/index.php\/wp-json\/wp\/v2\/posts\/24354\/revisions"}],"wp:attachment":[{"href":"https:\/\/www.karamantoki.com\/index.php\/wp-json\/wp\/v2\/media?parent=24354"}],"wp:term":[{"taxonomy":"category","embeddable":true,"href":"https:\/\/www.karamantoki.com\/index.php\/wp-json\/wp\/v2\/categories?post=24354"},{"taxonomy":"post_tag","embeddable":true,"href":"https:\/\/www.karamantoki.com\/index.php\/wp-json\/wp\/v2\/tags?post=24354"}],"curies":[{"name":"wp","href":"https:\/\/api.w.org\/{rel}","templated":true}]}}