{"id":24346,"date":"2026-09-03T20:50:14","date_gmt":"2026-09-03T20:50:14","guid":{"rendered":"https:\/\/www.karamantoki.com\/index.php\/2026\/09\/03\/mehmet-ucumdan-ahmet-davutoglu-icin-kullanilan-secilmis-son-basbakan-ifadesine-itiraz-son-derece-sorunlu-ve-absurt\/"},"modified":"2026-09-03T20:50:14","modified_gmt":"2026-09-03T20:50:14","slug":"mehmet-ucumdan-ahmet-davutoglu-icin-kullanilan-secilmis-son-basbakan-ifadesine-itiraz-son-derece-sorunlu-ve-absurt","status":"publish","type":"post","link":"https:\/\/www.karamantoki.com\/index.php\/2026\/09\/03\/mehmet-ucumdan-ahmet-davutoglu-icin-kullanilan-secilmis-son-basbakan-ifadesine-itiraz-son-derece-sorunlu-ve-absurt\/","title":{"rendered":"Mehmet U\u00e7um\u2019dan Ahmet Davuto\u011flu i\u00e7in kullan\u0131lan &quot;Se\u00e7ilmi\u015f son Ba\u015fbakan&quot; ifadesine itiraz: Son derece sorunlu ve abs\u00fcrt"},"content":{"rendered":"<p>Cumhurba\u015fkan\u0131 Ba\u015fdan\u0131\u015fman\u0131 Mehmet U\u00e7um, hakk\u0131nda &#8216;Cumhurba\u015fkan\u0131na hakaret&#8217; su\u00e7lamas\u0131yla soru\u015fturma ba\u015flat\u0131lan eski Ba\u015fbakan Ahmet Davuto\u011flu&#8217;nun avukat\u0131 Hasan Seymen&#8217;in m\u00fcvekkili i\u00e7in kulland\u0131\u011f\u0131 &#8220;Se\u00e7ilmi\u015f son T\u00fcrkiye Cumhuriyeti Ba\u015fbakan\u0131&#8221; ifadesine itiraz etti. U\u00e7um, parlamenter sistemde ba\u015fbakanlar\u0131n halk taraf\u0131ndan do\u011frudan se\u00e7ilmedi\u011fini belirterek s\u00f6z konusu tan\u0131mlama i\u00e7in &#8220;Bu bak\u0131\u015f son derece sorunlu ve abs\u00fcrtt\u00fcr&#8221; dedi.<\/p>\n","protected":false},"excerpt":{"rendered":"<p>Cumhurba\u015fkan\u0131 Ba\u015fdan\u0131\u015fman\u0131 Mehmet U\u00e7um, hakk\u0131nda &#8216;Cumhurba\u015fkan\u0131na hakaret&#8217; su\u00e7lamas\u0131yla soru\u015fturma ba\u015flat\u0131lan eski Ba\u015fbakan Ahmet Davuto\u011flu&#8217;nun avukat\u0131 Hasan Seymen&#8217;in m\u00fcvekkili i\u00e7in kulland\u0131\u011f\u0131 &#8220;Se\u00e7ilmi\u015f son T\u00fcrkiye Cumhuriyeti Ba\u015fbakan\u0131&#8221; ifadesine itiraz etti. U\u00e7um, parlamenter sistemde ba\u015fbakanlar\u0131n halk taraf\u0131ndan do\u011frudan se\u00e7ilmedi\u011fini belirterek s\u00f6z konusu tan\u0131mlama i\u00e7in &#8220;Bu bak\u0131\u015f son derece sorunlu ve abs\u00fcrtt\u00fcr&#8221; dedi.<\/p>\n","protected":false},"author":1,"featured_media":0,"comment_status":"open","ping_status":"open","sticky":false,"template":"","format":"standard","meta":{"_joinchat":[],"footnotes":""},"categories":[1],"tags":[],"class_list":["post-24346","post","type-post","status-publish","format-standard","category-toki"],"_links":{"self":[{"href":"https:\/\/www.karamantoki.com\/index.php\/wp-json\/wp\/v2\/posts\/24346","targetHints":{"allow":["GET"]}}],"collection":[{"href":"https:\/\/www.karamantoki.com\/index.php\/wp-json\/wp\/v2\/posts"}],"about":[{"href":"https:\/\/www.karamantoki.com\/index.php\/wp-json\/wp\/v2\/types\/post"}],"author":[{"embeddable":true,"href":"https:\/\/www.karamantoki.com\/index.php\/wp-json\/wp\/v2\/users\/1"}],"replies":[{"embeddable":true,"href":"https:\/\/www.karamantoki.com\/index.php\/wp-json\/wp\/v2\/comments?post=24346"}],"version-history":[{"count":0,"href":"https:\/\/www.karamantoki.com\/index.php\/wp-json\/wp\/v2\/posts\/24346\/revisions"}],"wp:attachment":[{"href":"https:\/\/www.karamantoki.com\/index.php\/wp-json\/wp\/v2\/media?parent=24346"}],"wp:term":[{"taxonomy":"category","embeddable":true,"href":"https:\/\/www.karamantoki.com\/index.php\/wp-json\/wp\/v2\/categories?post=24346"},{"taxonomy":"post_tag","embeddable":true,"href":"https:\/\/www.karamantoki.com\/index.php\/wp-json\/wp\/v2\/tags?post=24346"}],"curies":[{"name":"wp","href":"https:\/\/api.w.org\/{rel}","templated":true}]}}