{"id":24327,"date":"2026-09-03T17:50:16","date_gmt":"2026-09-03T17:50:16","guid":{"rendered":"https:\/\/www.karamantoki.com\/index.php\/2026\/09\/03\/ebrar-karakurt-neden-yok-ebrar-karakurt-milli-takima-cagrilmadi-mi\/"},"modified":"2026-09-03T17:50:16","modified_gmt":"2026-09-03T17:50:16","slug":"ebrar-karakurt-neden-yok-ebrar-karakurt-milli-takima-cagrilmadi-mi","status":"publish","type":"post","link":"https:\/\/www.karamantoki.com\/index.php\/2026\/09\/03\/ebrar-karakurt-neden-yok-ebrar-karakurt-milli-takima-cagrilmadi-mi\/","title":{"rendered":"Ebrar Karakurt neden yok, Ebrar Karakurt milli tak\u0131ma \u00e7a\u011fr\u0131lmad\u0131 m\u0131?"},"content":{"rendered":"<p>Ebrar Karakurt neden yok, Ebrar Karakurt milli tak\u0131ma \u00e7a\u011fr\u0131lmad\u0131 m\u0131? sorular\u0131 voleybolseverlerin g\u00fcndemindeki yerini koruyor. Filenin Sultanlar\u0131\u2019n\u0131n kadrosunda y\u0131ld\u0131z oyuncunun g\u00f6r\u00fclmemesi sonras\u0131 Ebrar Karakurt\u2019un milli tak\u0131mda neden yer almad\u0131\u011f\u0131 ara\u015ft\u0131r\u0131lmaya ba\u015fland\u0131.<\/p>\n","protected":false},"excerpt":{"rendered":"<p>Ebrar Karakurt neden yok, Ebrar Karakurt milli tak\u0131ma \u00e7a\u011fr\u0131lmad\u0131 m\u0131? sorular\u0131 voleybolseverlerin g\u00fcndemindeki yerini koruyor. Filenin Sultanlar\u0131\u2019n\u0131n kadrosunda y\u0131ld\u0131z oyuncunun g\u00f6r\u00fclmemesi sonras\u0131 Ebrar Karakurt\u2019un milli tak\u0131mda neden yer almad\u0131\u011f\u0131 ara\u015ft\u0131r\u0131lmaya ba\u015fland\u0131.<\/p>\n","protected":false},"author":1,"featured_media":0,"comment_status":"open","ping_status":"open","sticky":false,"template":"","format":"standard","meta":{"_joinchat":[],"footnotes":""},"categories":[1],"tags":[],"class_list":["post-24327","post","type-post","status-publish","format-standard","category-toki"],"_links":{"self":[{"href":"https:\/\/www.karamantoki.com\/index.php\/wp-json\/wp\/v2\/posts\/24327","targetHints":{"allow":["GET"]}}],"collection":[{"href":"https:\/\/www.karamantoki.com\/index.php\/wp-json\/wp\/v2\/posts"}],"about":[{"href":"https:\/\/www.karamantoki.com\/index.php\/wp-json\/wp\/v2\/types\/post"}],"author":[{"embeddable":true,"href":"https:\/\/www.karamantoki.com\/index.php\/wp-json\/wp\/v2\/users\/1"}],"replies":[{"embeddable":true,"href":"https:\/\/www.karamantoki.com\/index.php\/wp-json\/wp\/v2\/comments?post=24327"}],"version-history":[{"count":0,"href":"https:\/\/www.karamantoki.com\/index.php\/wp-json\/wp\/v2\/posts\/24327\/revisions"}],"wp:attachment":[{"href":"https:\/\/www.karamantoki.com\/index.php\/wp-json\/wp\/v2\/media?parent=24327"}],"wp:term":[{"taxonomy":"category","embeddable":true,"href":"https:\/\/www.karamantoki.com\/index.php\/wp-json\/wp\/v2\/categories?post=24327"},{"taxonomy":"post_tag","embeddable":true,"href":"https:\/\/www.karamantoki.com\/index.php\/wp-json\/wp\/v2\/tags?post=24327"}],"curies":[{"name":"wp","href":"https:\/\/api.w.org\/{rel}","templated":true}]}}