{"id":24326,"date":"2026-09-03T17:50:15","date_gmt":"2026-09-03T17:50:15","guid":{"rendered":"https:\/\/www.karamantoki.com\/index.php\/2026\/09\/03\/muge-anli-2-palu-ailesi-olayi-ne-ibrahim-ekici-nasil-oldu-ibrahim-ekici-nereli-olayi-nedir\/"},"modified":"2026-09-03T17:50:15","modified_gmt":"2026-09-03T17:50:15","slug":"muge-anli-2-palu-ailesi-olayi-ne-ibrahim-ekici-nasil-oldu-ibrahim-ekici-nereli-olayi-nedir","status":"publish","type":"post","link":"https:\/\/www.karamantoki.com\/index.php\/2026\/09\/03\/muge-anli-2-palu-ailesi-olayi-ne-ibrahim-ekici-nasil-oldu-ibrahim-ekici-nereli-olayi-nedir\/","title":{"rendered":"M\u00fcge Anl\u0131 2. Palu ailesi olay\u0131 ne, \u0130brahim Ekici nas\u0131l \u00f6ld\u00fc? \u0130brahim Ekici nereli, olay\u0131 nedir?"},"content":{"rendered":"<p>M\u00fcge Anl\u0131 \u0130brahim Ekici olay\u0131! Konya&#8217;da ya\u015fanan \u0130brahim Ekici&#8217;nin \u015f\u00fcpheli \u00f6l\u00fcm\u00fc, M\u00fcge Anl\u0131 ile Tatl\u0131 Sert program\u0131nda ele al\u0131nd\u0131. Programa kat\u0131lan e\u015fi Mine Ekici, do\u011fu\u015ftan engelli k\u0131zlar\u0131 Zeynep&#8217;in tedavisi i\u00e7in t\u0131p d\u0131\u015f\u0131 y\u00f6ntemlere ba\u015fvurduklar\u0131n\u0131, k\u0131z\u0131n\u0131n kurumu\u015f bir k\u00f6pek kafas\u0131 ve kuzu ci\u011feriyle haz\u0131rlanan suyla y\u0131kand\u0131\u011f\u0131n\u0131 anlatt\u0131. \u0130brahim Ekici nas\u0131l \u00f6ld\u00fc? \u0130\u015fte M\u00fcge Anl\u0131 ikinci Palu ailesi olay\u0131&#8230;<\/p>\n","protected":false},"excerpt":{"rendered":"<p>M\u00fcge Anl\u0131 \u0130brahim Ekici olay\u0131! Konya&#8217;da ya\u015fanan \u0130brahim Ekici&#8217;nin \u015f\u00fcpheli \u00f6l\u00fcm\u00fc, M\u00fcge Anl\u0131 ile Tatl\u0131 Sert program\u0131nda ele al\u0131nd\u0131. Programa kat\u0131lan e\u015fi Mine Ekici, do\u011fu\u015ftan engelli k\u0131zlar\u0131 Zeynep&#8217;in tedavisi i\u00e7in t\u0131p d\u0131\u015f\u0131 y\u00f6ntemlere ba\u015fvurduklar\u0131n\u0131, k\u0131z\u0131n\u0131n kurumu\u015f bir k\u00f6pek kafas\u0131 ve kuzu ci\u011feriyle haz\u0131rlanan suyla y\u0131kand\u0131\u011f\u0131n\u0131 anlatt\u0131. \u0130brahim Ekici nas\u0131l \u00f6ld\u00fc? \u0130\u015fte M\u00fcge Anl\u0131 ikinci Palu [&hellip;]<\/p>\n","protected":false},"author":1,"featured_media":0,"comment_status":"open","ping_status":"open","sticky":false,"template":"","format":"standard","meta":{"_joinchat":[],"footnotes":""},"categories":[1],"tags":[],"class_list":["post-24326","post","type-post","status-publish","format-standard","category-toki"],"_links":{"self":[{"href":"https:\/\/www.karamantoki.com\/index.php\/wp-json\/wp\/v2\/posts\/24326","targetHints":{"allow":["GET"]}}],"collection":[{"href":"https:\/\/www.karamantoki.com\/index.php\/wp-json\/wp\/v2\/posts"}],"about":[{"href":"https:\/\/www.karamantoki.com\/index.php\/wp-json\/wp\/v2\/types\/post"}],"author":[{"embeddable":true,"href":"https:\/\/www.karamantoki.com\/index.php\/wp-json\/wp\/v2\/users\/1"}],"replies":[{"embeddable":true,"href":"https:\/\/www.karamantoki.com\/index.php\/wp-json\/wp\/v2\/comments?post=24326"}],"version-history":[{"count":0,"href":"https:\/\/www.karamantoki.com\/index.php\/wp-json\/wp\/v2\/posts\/24326\/revisions"}],"wp:attachment":[{"href":"https:\/\/www.karamantoki.com\/index.php\/wp-json\/wp\/v2\/media?parent=24326"}],"wp:term":[{"taxonomy":"category","embeddable":true,"href":"https:\/\/www.karamantoki.com\/index.php\/wp-json\/wp\/v2\/categories?post=24326"},{"taxonomy":"post_tag","embeddable":true,"href":"https:\/\/www.karamantoki.com\/index.php\/wp-json\/wp\/v2\/tags?post=24326"}],"curies":[{"name":"wp","href":"https:\/\/api.w.org\/{rel}","templated":true}]}}