{"id":24325,"date":"2026-09-03T17:50:15","date_gmt":"2026-09-03T17:50:15","guid":{"rendered":"https:\/\/www.karamantoki.com\/index.php\/2026\/09\/03\/eda-erdem-neden-yok-eda-erdem-milli-takimi-birakti-mi-emekli-oldu-mu\/"},"modified":"2026-09-03T17:50:15","modified_gmt":"2026-09-03T17:50:15","slug":"eda-erdem-neden-yok-eda-erdem-milli-takimi-birakti-mi-emekli-oldu-mu","status":"publish","type":"post","link":"https:\/\/www.karamantoki.com\/index.php\/2026\/09\/03\/eda-erdem-neden-yok-eda-erdem-milli-takimi-birakti-mi-emekli-oldu-mu\/","title":{"rendered":"Eda Erdem neden yok, Eda Erdem milli tak\u0131m\u0131 b\u0131rakt\u0131 m\u0131, emekli oldu mu?"},"content":{"rendered":"<p>A Milli Kad\u0131n Voleybol Tak\u0131m\u0131&#8217;n\u0131n ma\u00e7lar\u0131n\u0131 takip eden voleybolseverler, sahada kaptan\u0131 g\u00f6remeyince &#8220;Eda Erdem neden yok?&#8221; sorusuna yan\u0131t aramaya ba\u015flad\u0131. Arama motorlar\u0131nda &#8220;Eda Erdem milli tak\u0131m\u0131 b\u0131rakt\u0131 m\u0131?&#8221; ve &#8220;Eda Erdem emekli mi oldu?&#8221; gibi aramalar zirveye t\u0131rman\u0131rken, tecr\u00fcbeli kaptan\u0131n kadroda yer almama sebebi netle\u015fti.<\/p>\n","protected":false},"excerpt":{"rendered":"<p>A Milli Kad\u0131n Voleybol Tak\u0131m\u0131&#8217;n\u0131n ma\u00e7lar\u0131n\u0131 takip eden voleybolseverler, sahada kaptan\u0131 g\u00f6remeyince &#8220;Eda Erdem neden yok?&#8221; sorusuna yan\u0131t aramaya ba\u015flad\u0131. Arama motorlar\u0131nda &#8220;Eda Erdem milli tak\u0131m\u0131 b\u0131rakt\u0131 m\u0131?&#8221; ve &#8220;Eda Erdem emekli mi oldu?&#8221; gibi aramalar zirveye t\u0131rman\u0131rken, tecr\u00fcbeli kaptan\u0131n kadroda yer almama sebebi netle\u015fti.<\/p>\n","protected":false},"author":1,"featured_media":0,"comment_status":"open","ping_status":"open","sticky":false,"template":"","format":"standard","meta":{"_joinchat":[],"footnotes":""},"categories":[1],"tags":[],"class_list":["post-24325","post","type-post","status-publish","format-standard","category-toki"],"_links":{"self":[{"href":"https:\/\/www.karamantoki.com\/index.php\/wp-json\/wp\/v2\/posts\/24325","targetHints":{"allow":["GET"]}}],"collection":[{"href":"https:\/\/www.karamantoki.com\/index.php\/wp-json\/wp\/v2\/posts"}],"about":[{"href":"https:\/\/www.karamantoki.com\/index.php\/wp-json\/wp\/v2\/types\/post"}],"author":[{"embeddable":true,"href":"https:\/\/www.karamantoki.com\/index.php\/wp-json\/wp\/v2\/users\/1"}],"replies":[{"embeddable":true,"href":"https:\/\/www.karamantoki.com\/index.php\/wp-json\/wp\/v2\/comments?post=24325"}],"version-history":[{"count":0,"href":"https:\/\/www.karamantoki.com\/index.php\/wp-json\/wp\/v2\/posts\/24325\/revisions"}],"wp:attachment":[{"href":"https:\/\/www.karamantoki.com\/index.php\/wp-json\/wp\/v2\/media?parent=24325"}],"wp:term":[{"taxonomy":"category","embeddable":true,"href":"https:\/\/www.karamantoki.com\/index.php\/wp-json\/wp\/v2\/categories?post=24325"},{"taxonomy":"post_tag","embeddable":true,"href":"https:\/\/www.karamantoki.com\/index.php\/wp-json\/wp\/v2\/tags?post=24325"}],"curies":[{"name":"wp","href":"https:\/\/api.w.org\/{rel}","templated":true}]}}