{"id":24294,"date":"2026-09-03T12:50:22","date_gmt":"2026-09-03T12:50:22","guid":{"rendered":"https:\/\/www.karamantoki.com\/index.php\/2026\/09\/03\/volkswagenden-seata-veda-cupra-odakli-buyuk-donusum-plani-masada\/"},"modified":"2026-09-03T12:50:22","modified_gmt":"2026-09-03T12:50:22","slug":"volkswagenden-seata-veda-cupra-odakli-buyuk-donusum-plani-masada","status":"publish","type":"post","link":"https:\/\/www.karamantoki.com\/index.php\/2026\/09\/03\/volkswagenden-seata-veda-cupra-odakli-buyuk-donusum-plani-masada\/","title":{"rendered":"Volkswagen&apos;den Seat&apos;a veda: Cupra odakl\u0131 b\u00fcy\u00fck d\u00f6n\u00fc\u015f\u00fcm plan\u0131 masada"},"content":{"rendered":"<p>Volkswagen, artan maliyetler ve ekonomik kriz nedeniyle Seat markas\u0131n\u0131 kapatmay\u0131 planl\u0131yor. \u015eirket, daha ba\u015far\u0131l\u0131 Cupra&#8217;ya odaklanmak i\u00e7in Seat&#8217;\u0131 \u00fcretimden kald\u0131racak; cuma g\u00fcn\u00fc yap\u0131lacak toplant\u0131da ayr\u0131ca Almanya&#8217;daki fabrikalar\u0131n gelece\u011fi ve binlerce i\u015f\u00e7iyi etkileyecek radikal tasarruf \u00f6nlemleri g\u00f6r\u00fc\u015f\u00fclecek.<\/p>\n","protected":false},"excerpt":{"rendered":"<p>Volkswagen, artan maliyetler ve ekonomik kriz nedeniyle Seat markas\u0131n\u0131 kapatmay\u0131 planl\u0131yor. \u015eirket, daha ba\u015far\u0131l\u0131 Cupra&#8217;ya odaklanmak i\u00e7in Seat&#8217;\u0131 \u00fcretimden kald\u0131racak; cuma g\u00fcn\u00fc yap\u0131lacak toplant\u0131da ayr\u0131ca Almanya&#8217;daki fabrikalar\u0131n gelece\u011fi ve binlerce i\u015f\u00e7iyi etkileyecek radikal tasarruf \u00f6nlemleri g\u00f6r\u00fc\u015f\u00fclecek.<\/p>\n","protected":false},"author":1,"featured_media":0,"comment_status":"open","ping_status":"open","sticky":false,"template":"","format":"standard","meta":{"_joinchat":[],"footnotes":""},"categories":[1],"tags":[],"class_list":["post-24294","post","type-post","status-publish","format-standard","category-toki"],"_links":{"self":[{"href":"https:\/\/www.karamantoki.com\/index.php\/wp-json\/wp\/v2\/posts\/24294","targetHints":{"allow":["GET"]}}],"collection":[{"href":"https:\/\/www.karamantoki.com\/index.php\/wp-json\/wp\/v2\/posts"}],"about":[{"href":"https:\/\/www.karamantoki.com\/index.php\/wp-json\/wp\/v2\/types\/post"}],"author":[{"embeddable":true,"href":"https:\/\/www.karamantoki.com\/index.php\/wp-json\/wp\/v2\/users\/1"}],"replies":[{"embeddable":true,"href":"https:\/\/www.karamantoki.com\/index.php\/wp-json\/wp\/v2\/comments?post=24294"}],"version-history":[{"count":0,"href":"https:\/\/www.karamantoki.com\/index.php\/wp-json\/wp\/v2\/posts\/24294\/revisions"}],"wp:attachment":[{"href":"https:\/\/www.karamantoki.com\/index.php\/wp-json\/wp\/v2\/media?parent=24294"}],"wp:term":[{"taxonomy":"category","embeddable":true,"href":"https:\/\/www.karamantoki.com\/index.php\/wp-json\/wp\/v2\/categories?post=24294"},{"taxonomy":"post_tag","embeddable":true,"href":"https:\/\/www.karamantoki.com\/index.php\/wp-json\/wp\/v2\/tags?post=24294"}],"curies":[{"name":"wp","href":"https:\/\/api.w.org\/{rel}","templated":true}]}}